{"id":1062,"date":"2019-12-11T08:53:57","date_gmt":"2019-12-11T06:53:57","guid":{"rendered":"https:\/\/www.muzeulreghin.ro\/?p=1062"},"modified":"2019-12-23T12:18:40","modified_gmt":"2019-12-23T10:18:40","slug":"targ-si-expozitii-de-craciun","status":"publish","type":"post","link":"https:\/\/www.muzeulreghin.ro\/en\/targ-si-expozitii-de-craciun\/","title":{"rendered":"T\u00e2rg \u0219i expozi\u021bii de Cr\u0103ciun"},"content":{"rendered":"\n<figure class=\"wp-block-image\"><img fetchpriority=\"high\" decoding=\"async\" width=\"925\" height=\"1024\" src=\"https:\/\/www.muzeulreghin.ro\/wp-content\/uploads\/2019\/12\/afis-targ-925x1024.jpg\" alt=\"\" class=\"wp-image-1063\" srcset=\"https:\/\/www.muzeulreghin.ro\/wp-content\/uploads\/2019\/12\/afis-targ-925x1024.jpg 925w, https:\/\/www.muzeulreghin.ro\/wp-content\/uploads\/2019\/12\/afis-targ-271x300.jpg 271w, https:\/\/www.muzeulreghin.ro\/wp-content\/uploads\/2019\/12\/afis-targ-768x850.jpg 768w, https:\/\/www.muzeulreghin.ro\/wp-content\/uploads\/2019\/12\/afis-targ-136x150.jpg 136w, https:\/\/www.muzeulreghin.ro\/wp-content\/uploads\/2019\/12\/afis-targ.jpg 1024w\" sizes=\"(max-width: 925px) 100vw, 925px\" \/><\/figure>\n\n\n\n<p>Pofti\u021bi la T\u00e2rg! \u00cen zilele de 19, 20, 21 decembrie 2019, \u00eentre orele 11.00-18.00, v\u0103 a\u0219tept\u0103m la t\u00e2rg, s\u0103 admira\u021bi \u0219i s\u0103 \u0219i achizi\u021biona\u021bi obiecte realizate \u00een scop estetic \u0219i\/sau func\u021bional, cu care s\u0103 v\u0103 decora\u021bi casa, \u00eembr\u0103c\u0103mintea sau bradul.<br \/>Confec\u021bionate manual, cu pasiune pentru art\u0103, de c\u0103tre creatori \u0219i artizani locali, obiectele sunt o demonstra\u021bie de creativitate, tradi\u021bie \u0219i m\u0103iestrie, deci s\u0103 primim \u0219i s\u0103 oferim, mai departe, bucuria de Cr\u0103ciun!<\/p>\n","protected":false},"excerpt":{"rendered":"<p>Pofti\u021bi la T\u00e2rg! \u00cen zilele de 19, 20, 21 decembrie 2019, \u00eentre orele 11.00-18.00, v\u0103 a\u0219tept\u0103m la t\u00e2rg, s\u0103 admira\u021bi \u0219i s\u0103 \u0219i achizi\u021biona\u021bi obiecte realizate \u00een scop estetic \u0219i\/sau [&hellip;]<\/p>\n","protected":false},"author":1,"featured_media":0,"comment_status":"closed","ping_status":"closed","sticky":false,"template":"","format":"standard","meta":{"inline_featured_image":false,"footnotes":""},"categories":[4],"tags":[],"class_list":["post-1062","post","type-post","status-publish","format-standard","hentry","category-blog"],"aioseo_notices":[],"_links":{"self":[{"href":"https:\/\/www.muzeulreghin.ro\/en\/wp-json\/wp\/v2\/posts\/1062","targetHints":{"allow":["GET"]}}],"collection":[{"href":"https:\/\/www.muzeulreghin.ro\/en\/wp-json\/wp\/v2\/posts"}],"about":[{"href":"https:\/\/www.muzeulreghin.ro\/en\/wp-json\/wp\/v2\/types\/post"}],"author":[{"embeddable":true,"href":"https:\/\/www.muzeulreghin.ro\/en\/wp-json\/wp\/v2\/users\/1"}],"replies":[{"embeddable":true,"href":"https:\/\/www.muzeulreghin.ro\/en\/wp-json\/wp\/v2\/comments?post=1062"}],"version-history":[{"count":0,"href":"https:\/\/www.muzeulreghin.ro\/en\/wp-json\/wp\/v2\/posts\/1062\/revisions"}],"wp:attachment":[{"href":"https:\/\/www.muzeulreghin.ro\/en\/wp-json\/wp\/v2\/media?parent=1062"}],"wp:term":[{"taxonomy":"category","embeddable":true,"href":"https:\/\/www.muzeulreghin.ro\/en\/wp-json\/wp\/v2\/categories?post=1062"},{"taxonomy":"post_tag","embeddable":true,"href":"https:\/\/www.muzeulreghin.ro\/en\/wp-json\/wp\/v2\/tags?post=1062"}],"curies":[{"name":"wp","href":"https:\/\/api.w.org\/{rel}","templated":true}]}}