{"id":1131,"date":"2020-07-07T08:40:56","date_gmt":"2020-07-07T06:40:56","guid":{"rendered":"https:\/\/www.muzeulreghin.ro\/?p=1131"},"modified":"2020-07-07T08:48:51","modified_gmt":"2020-07-07T06:48:51","slug":"pescuitul-traditional","status":"publish","type":"post","link":"https:\/\/www.muzeulreghin.ro\/en\/pescuitul-traditional\/","title":{"rendered":"Pescuitul tradi\u021bional"},"content":{"rendered":"\n<div dir=\"auto\"><img fetchpriority=\"high\" decoding=\"async\" class=\"alignnone size-medium wp-image-1134\" src=\"https:\/\/www.muzeulreghin.ro\/wp-content\/uploads\/2020\/07\/79535274_3207029939353501_7408416702937072962_o-300x199.jpg\" alt=\"\" width=\"300\" height=\"199\" srcset=\"https:\/\/www.muzeulreghin.ro\/wp-content\/uploads\/2020\/07\/79535274_3207029939353501_7408416702937072962_o-300x199.jpg 300w, https:\/\/www.muzeulreghin.ro\/wp-content\/uploads\/2020\/07\/79535274_3207029939353501_7408416702937072962_o-1024x679.jpg 1024w, https:\/\/www.muzeulreghin.ro\/wp-content\/uploads\/2020\/07\/79535274_3207029939353501_7408416702937072962_o-768x509.jpg 768w, https:\/\/www.muzeulreghin.ro\/wp-content\/uploads\/2020\/07\/79535274_3207029939353501_7408416702937072962_o-1536x1019.jpg 1536w, https:\/\/www.muzeulreghin.ro\/wp-content\/uploads\/2020\/07\/79535274_3207029939353501_7408416702937072962_o-150x99.jpg 150w, https:\/\/www.muzeulreghin.ro\/wp-content\/uploads\/2020\/07\/79535274_3207029939353501_7408416702937072962_o.jpg 1930w\" sizes=\"(max-width: 300px) 100vw, 300px\" \/><\/div>\n<div dir=\"auto\">Pescuitul tradi\u0163ional s-a practicat, ini\u021bial cu m\u00e2na, apoi cu ostia, uneltele \u0219i metodele de pescuit din aceast\u0103 zon\u0103 fiind impuse de anotimp, de ad\u00e2ncimea \u0219i debitul apelor. Uneltele folosite s-au diversificat treptat: v\u00e2r\u0219a, co\u0219ul, leasa &#8211; realizate din nuiele \u0219i sacul, mreaja, prostovolul &#8211; din plase textile.<\/div>\n<div dir=\"auto\">Principala surs\u0103 de pe\u0219te \u00een zon\u0103 a reprezentat-o apa Mure\u0219ului, cu afluen\u021bii &#8211; Topli\u021ba, C\u0103limani, Ilva Mare, S\u0103lard, Iod, Bistri\u021ba, Gurghiu, precum \u0219i lacurile din c\u00e2mpie -F\u0103r\u0103g\u0103u, Zau de C\u00e2mpie, C\u0103tina.<\/div>\n<div dir=\"auto\">Leasa era folosit\u0103 pe p\u00e2raiele de munte de pe Valea Gurghiului, fiind confec\u021bionat\u0103 din nuiele de r\u0103chit\u0103. Se a\u0219eaz\u0103 pe o b\u00e2t\u0103 suspendat\u0103 la capete pe dou\u0103 pietroaie, pentru a se putea \u00eendoi la mijloc. Partea lat\u0103 se fixeaz\u0103 la fundul apei, iar de la maluri p\u00e2n\u0103 la unealt\u0103 se face o \u00eengr\u0103ditur\u0103 din pietroaie, apoi din susul apei se arunc\u0103 pietre, iar pe\u0219tii speria\u021bi fug \u00een leas\u0103, unde r\u0103m\u00e2n prin\u0219i.<\/div>\n<div dir=\"auto\">Pescuitul cu sacul cu \u201erud\u0103\u201d (pr\u0103jin\u0103) se practica de prim\u0103vara p\u00e2n\u0103 toamna pe apa Mure\u0219ului. Sacul cu \u201erud\u0103\u201d scurt\u0103 este o plas\u0103 confec\u021bionat\u0103 din a\u021b\u0103 de in sau de c\u00e2nep\u0103, prins\u0103 pe un semicerc de alun \u0219i legat\u0103 de o pr\u0103jin\u0103 bifurcat\u0103. Acesta are pr\u0103jina de cca. 5 m, iar partea bifurcat\u0103 a acesteia se leag\u0103 direct pe cercul de alun, ceea ce u\u0219ureaz\u0103 m\u00e2nuirea uneltei. Se folose\u0219te la pescuitul de pe mal, c\u00e2nd apa Mure\u0219ului este tulbure \u0219i mare. \u00cen apele mai mari, pescarii se foloseau de \u201ecatalige\u201d, care le permiteau s\u0103 se deplaseze cu u\u0219urin\u021b\u0103 \u00een albia r\u00e2ului.<\/div>\n<div dir=\"auto\">Pescuitul cu \u201ecr\u00e2snicul\u201d se f\u0103cea \u00een ap\u0103 p\u00e2n\u0103 la genunchi, ziua, c\u00e2nd apa e tulbure, iar c\u00e2nd e limpede, seara. Cr\u00e2snicul este format dintr-o plas\u0103 dreptunghiular\u0103, lung\u0103 de 1,40 m, lat\u0103 de 0,60 m, legat\u0103 de la cele patru col\u021buri la capetele celor dou\u0103 arcuri din lemn.<\/div>\n<div dir=\"auto\">Pescuitul s-a practicat, cu prec\u0103dere, vara, prim\u0103vara \u015fi toamna, \u00een afara sezonului rece, iarna fiind \u00eengreunat de necesitatea spargerii ghe\u021bii.<\/div>\n<div dir=\"auto\">\u00a0<\/div>\n<div dir=\"auto\">\n<div class=\"o9v6fnle cxmmr5t8 oygrvhab hcukyx3x c1et5uql ii04i59q\">\n<div dir=\"auto\">FOTO:<\/div>\n<\/div>\n<div class=\"o9v6fnle cxmmr5t8 oygrvhab hcukyx3x c1et5uql ii04i59q\">\n<div dir=\"auto\">Pescuitul cu leasa \u0219i sacul cu \u201erud\u0103\u201d, \u00een localit\u0103\u021bile Or\u0219ova, Idicel Sat \u0219i Filea, \u00een anii 1963, 1968.<\/div>\n<\/div>\n<div class=\"o9v6fnle cxmmr5t8 oygrvhab hcukyx3x c1et5uql ii04i59q\">\n<div dir=\"auto\">Foto: Anton Badea<\/div>\n<div dir=\"auto\">\u00a0<\/div>\n<\/div>\n<\/div>\n<div dir=\"auto\"><a href=\"https:\/\/www.muzeulreghin.ro\/galerie\/wppaspec\/oc1\/cv0\/ab50\">Galerie foto<\/a><\/div>\n","protected":false},"excerpt":{"rendered":"<p>Pescuitul tradi\u0163ional s-a practicat, ini\u021bial cu m\u00e2na, apoi cu ostia, uneltele \u0219i metodele de pescuit din aceast\u0103 zon\u0103 fiind impuse de anotimp, de ad\u00e2ncimea \u0219i debitul apelor. Uneltele folosite s-au [&hellip;]<\/p>\n","protected":false},"author":1,"featured_media":0,"comment_status":"closed","ping_status":"closed","sticky":false,"template":"","format":"standard","meta":{"inline_featured_image":false,"footnotes":""},"categories":[4],"tags":[],"class_list":["post-1131","post","type-post","status-publish","format-standard","hentry","category-blog"],"aioseo_notices":[],"_links":{"self":[{"href":"https:\/\/www.muzeulreghin.ro\/en\/wp-json\/wp\/v2\/posts\/1131","targetHints":{"allow":["GET"]}}],"collection":[{"href":"https:\/\/www.muzeulreghin.ro\/en\/wp-json\/wp\/v2\/posts"}],"about":[{"href":"https:\/\/www.muzeulreghin.ro\/en\/wp-json\/wp\/v2\/types\/post"}],"author":[{"embeddable":true,"href":"https:\/\/www.muzeulreghin.ro\/en\/wp-json\/wp\/v2\/users\/1"}],"replies":[{"embeddable":true,"href":"https:\/\/www.muzeulreghin.ro\/en\/wp-json\/wp\/v2\/comments?post=1131"}],"version-history":[{"count":0,"href":"https:\/\/www.muzeulreghin.ro\/en\/wp-json\/wp\/v2\/posts\/1131\/revisions"}],"wp:attachment":[{"href":"https:\/\/www.muzeulreghin.ro\/en\/wp-json\/wp\/v2\/media?parent=1131"}],"wp:term":[{"taxonomy":"category","embeddable":true,"href":"https:\/\/www.muzeulreghin.ro\/en\/wp-json\/wp\/v2\/categories?post=1131"},{"taxonomy":"post_tag","embeddable":true,"href":"https:\/\/www.muzeulreghin.ro\/en\/wp-json\/wp\/v2\/tags?post=1131"}],"curies":[{"name":"wp","href":"https:\/\/api.w.org\/{rel}","templated":true}]}}