{"id":1215,"date":"2021-02-12T12:17:46","date_gmt":"2021-02-12T10:17:46","guid":{"rendered":"https:\/\/www.muzeulreghin.ro\/?p=1215"},"modified":"2021-02-12T12:17:47","modified_gmt":"2021-02-12T10:17:47","slug":"sanpetru-de-iarna","status":"publish","type":"post","link":"https:\/\/www.muzeulreghin.ro\/en\/sanpetru-de-iarna\/","title":{"rendered":"S\u00e2npetru de Iarn\u0103"},"content":{"rendered":"\n<div class=\"o9v6fnle cxmmr5t8 oygrvhab hcukyx3x c1et5uql ii04i59q\">\n<div dir=\"auto\"><img fetchpriority=\"high\" decoding=\"async\" class=\"alignnone size-medium wp-image-1216\" src=\"https:\/\/www.muzeulreghin.ro\/wp-content\/uploads\/2021\/02\/139699540_3770047866385036_7467585533618092498_o-199x300.jpg\" alt=\"\" width=\"199\" height=\"300\" srcset=\"https:\/\/www.muzeulreghin.ro\/wp-content\/uploads\/2021\/02\/139699540_3770047866385036_7467585533618092498_o-199x300.jpg 199w, https:\/\/www.muzeulreghin.ro\/wp-content\/uploads\/2021\/02\/139699540_3770047866385036_7467585533618092498_o-679x1024.jpg 679w, https:\/\/www.muzeulreghin.ro\/wp-content\/uploads\/2021\/02\/139699540_3770047866385036_7467585533618092498_o-768x1158.jpg 768w, https:\/\/www.muzeulreghin.ro\/wp-content\/uploads\/2021\/02\/139699540_3770047866385036_7467585533618092498_o-1019x1536.jpg 1019w, https:\/\/www.muzeulreghin.ro\/wp-content\/uploads\/2021\/02\/139699540_3770047866385036_7467585533618092498_o-99x150.jpg 99w, https:\/\/www.muzeulreghin.ro\/wp-content\/uploads\/2021\/02\/139699540_3770047866385036_7467585533618092498_o.jpg 1358w\" sizes=\"(max-width: 199px) 100vw, 199px\" \/><\/div>\n<div dir=\"auto\">\u00cen 16 ianuarie este miezul iernii pastorale, S\u00e2npetru de Iarn\u0103, sau \u201dmiez de iarn\u0103\u201d care asemeni lui S\u00e2ntandrei este un st\u0103p\u00e2n al lupilor. El apare \u00een ipostaza de ap\u0103r\u0103tor al gospod\u0103riilor \u021b\u0103r\u0103ne\u0219ti dar \u0219i de distrug\u0103tor, influen\u021b\u00e2nd comportamentul pr\u0103d\u0103tor al animalelor s\u0103lbatice, al lupilor. Aceste credin\u021be sunt reflectate printr-o serie de tradi\u021bii populare \u00eempletite cu legende \u0219i pove\u0219ti biblice.<\/div>\n<div dir=\"auto\">\u00cen calendarul religios aceast\u0103 zi este dedicat\u0103 Sf\u00e2ntului Petru sub numele de \u00cenchinarea Cinstitului Lan\u021b al Sf\u00e2ntului Apostol Petru, amintind de o minune s\u0103v\u00e2r\u0219it\u0103 \u00een timpul \u00eemp\u0103ratului Irod. Se spune ca \u00eengerul Domnului a venit \u00eentr-o noapte la \u00eenchisoarea unde apostolul era \u00eentemni\u021bat \u0219i a sf\u0103r\u00e2mat lan\u021burile cu care acesta era legat. Aceste lan\u021buri, au fost folosite apoi pentru t\u0103m\u0103duirea bolilor \u0219i alungarea duhurilor rele, fiind p\u0103strate ca vestigii pre\u021bioase. Minunea \u00eenf\u0103ptuit\u0103 \u00eentr-un timp exemplar, a generat o serie de tradi\u021bii orale referitoare la puterile Sf\u00e2ntului Petru de a lega cu lan\u021bul ciuma \u0219i gura lupilor.<\/div>\n<div dir=\"auto\">Se spune c\u0103 \u00een aceast\u0103 noapte S\u00e2npetru coboar\u0103 pe cal, din Rai, \u00een haine albe, printre fiarele s\u0103lbatice \u0219i hot\u0103re\u0219te ce animal sau om s\u0103 fie atacat \u0219i niciun animal s\u0103lbatic nu atac\u0103 far\u0103 permisiunea sf\u00e2ntului.<\/div>\n<div dir=\"auto\">Sf\u00e2ntul Petru de Iarna \u0219i Sf\u00e2ntul Petru de Var\u0103 reprezint\u0103 dou\u0103 repere temporale ale anului pastoral \u0219i agricol. La sate, \u00een trecut, 16 ianuarie era o zi de mare s\u0103rb\u0103toare \u00een care nu se lucra, fiind \u021binut\u0103 prin respectarea unor interdic\u021bii \u0219i \u00eenf\u0103ptuirea unor acte rituale de ap\u0103rare. \u00cen aceast\u0103 zi femeile preg\u0103teau \u0219i \u00eemp\u0103r\u021beau covrigi, S\u00e2npetru fiind \u0219i st\u0103p\u00e2nul sufletelor mor\u021bilor.<\/div>\n<\/div>\n<div class=\"o9v6fnle cxmmr5t8 oygrvhab hcukyx3x c1et5uql ii04i59q\">\n<div dir=\"auto\">Surs\u0103 bibliografic\u0103: Spirala S\u0103rb\u0103torilor, Narcisa Alexandra \u0218tiuc\u0103<\/div>\n<div dir=\"auto\">Fotografie din arhiva Muzeului Etnografic \u201dAnton Badea\u201d<\/div>\n<\/div>\n","protected":false},"excerpt":{"rendered":"<p>\u00cen 16 ianuarie este miezul iernii pastorale, S\u00e2npetru de Iarn\u0103, sau \u201dmiez de iarn\u0103\u201d care asemeni lui S\u00e2ntandrei este un st\u0103p\u00e2n al lupilor. El apare \u00een ipostaza de ap\u0103r\u0103tor al [&hellip;]<\/p>\n","protected":false},"author":1,"featured_media":0,"comment_status":"closed","ping_status":"closed","sticky":false,"template":"","format":"standard","meta":{"inline_featured_image":false,"footnotes":""},"categories":[4],"tags":[],"class_list":["post-1215","post","type-post","status-publish","format-standard","hentry","category-blog"],"aioseo_notices":[],"_links":{"self":[{"href":"https:\/\/www.muzeulreghin.ro\/en\/wp-json\/wp\/v2\/posts\/1215","targetHints":{"allow":["GET"]}}],"collection":[{"href":"https:\/\/www.muzeulreghin.ro\/en\/wp-json\/wp\/v2\/posts"}],"about":[{"href":"https:\/\/www.muzeulreghin.ro\/en\/wp-json\/wp\/v2\/types\/post"}],"author":[{"embeddable":true,"href":"https:\/\/www.muzeulreghin.ro\/en\/wp-json\/wp\/v2\/users\/1"}],"replies":[{"embeddable":true,"href":"https:\/\/www.muzeulreghin.ro\/en\/wp-json\/wp\/v2\/comments?post=1215"}],"version-history":[{"count":0,"href":"https:\/\/www.muzeulreghin.ro\/en\/wp-json\/wp\/v2\/posts\/1215\/revisions"}],"wp:attachment":[{"href":"https:\/\/www.muzeulreghin.ro\/en\/wp-json\/wp\/v2\/media?parent=1215"}],"wp:term":[{"taxonomy":"category","embeddable":true,"href":"https:\/\/www.muzeulreghin.ro\/en\/wp-json\/wp\/v2\/categories?post=1215"},{"taxonomy":"post_tag","embeddable":true,"href":"https:\/\/www.muzeulreghin.ro\/en\/wp-json\/wp\/v2\/tags?post=1215"}],"curies":[{"name":"wp","href":"https:\/\/api.w.org\/{rel}","templated":true}]}}