{"id":1244,"date":"2021-03-08T09:35:50","date_gmt":"2021-03-08T07:35:50","guid":{"rendered":"https:\/\/www.muzeulreghin.ro\/?p=1244"},"modified":"2021-03-08T09:42:47","modified_gmt":"2021-03-08T07:42:47","slug":"__trashed","status":"publish","type":"post","link":"https:\/\/www.muzeulreghin.ro\/en\/__trashed\/","title":{"rendered":"Atelier de M\u0103r\u021bi\u0219oare"},"content":{"rendered":"\n<div class=\"\" dir=\"auto\">\n<div id=\"jsc_c_28a\" class=\"ecm0bbzt hv4rvrfc ihqw7lf3 dati1w0a\" data-ad-comet-preview=\"message\" data-ad-preview=\"message\">\n<div class=\"j83agx80 cbu4d94t ew0dbk1b irj2b8pg\">\n<div class=\"qzhwtbm6 knvmm38d\">\n<div class=\"kvgmc6g5 cxmmr5t8 oygrvhab hcukyx3x c1et5uql ii04i59q\">\n<div dir=\"auto\"><img fetchpriority=\"high\" decoding=\"async\" class=\"alignnone size-medium wp-image-1248\" src=\"https:\/\/www.muzeulreghin.ro\/wp-content\/uploads\/2021\/03\/155229108_3893401984049623_6281868699621170009_o-300x200.jpg\" alt=\"\" width=\"300\" height=\"200\" srcset=\"https:\/\/www.muzeulreghin.ro\/wp-content\/uploads\/2021\/03\/155229108_3893401984049623_6281868699621170009_o-300x200.jpg 300w, https:\/\/www.muzeulreghin.ro\/wp-content\/uploads\/2021\/03\/155229108_3893401984049623_6281868699621170009_o-1024x683.jpg 1024w, https:\/\/www.muzeulreghin.ro\/wp-content\/uploads\/2021\/03\/155229108_3893401984049623_6281868699621170009_o-768x512.jpg 768w, https:\/\/www.muzeulreghin.ro\/wp-content\/uploads\/2021\/03\/155229108_3893401984049623_6281868699621170009_o-1536x1024.jpg 1536w, https:\/\/www.muzeulreghin.ro\/wp-content\/uploads\/2021\/03\/155229108_3893401984049623_6281868699621170009_o-150x100.jpg 150w, https:\/\/www.muzeulreghin.ro\/wp-content\/uploads\/2021\/03\/155229108_3893401984049623_6281868699621170009_o.jpg 2048w\" sizes=\"(max-width: 300px) 100vw, 300px\" \/><\/div>\n<div dir=\"auto\">M\u0103r\u021bi\u0219orul, ini\u021bial obiect magic care ap\u0103ra de deochi \u0219i de razele arz\u0103toare ale soarelui, de toate relele asociate iernii, transformat \u00een timp \u00een bijuterie, a r\u0103mas un simbol al prim\u0103verii.<\/div>\n<\/div>\n<div class=\"o9v6fnle cxmmr5t8 oygrvhab hcukyx3x c1et5uql ii04i59q\">\n<div dir=\"auto\">Marcat \u00een fiecare an, la \u00eent\u00e2i martie, m\u0103r\u021bi\u0219orul ne aduce bucuria prim\u0103verii.<\/div>\n<div dir=\"auto\">Martie este cunoscut\u0103 \u0219i pentru instabilitatea vremii, v\u0103zut\u0103 \u00een luma satului ca o lupt\u0103 \u00eentre iarn\u0103 \u0219i var\u0103 \u0219i ca o victorie a acesteia din urm\u0103, ajutat\u0103 \u0219i de oameni, prin purtarea m\u0103r\u021bi\u0219orului, sporind astfel puterea luminii asupra \u00eentunericului.<\/div>\n<\/div>\n<div class=\"o9v6fnle cxmmr5t8 oygrvhab hcukyx3x c1et5uql ii04i59q\">\n<div dir=\"auto\">Tot pentru a ajuta prim\u0103vara s\u0103 vin\u0103 mai u\u0219or, dar \u0219i pentru a ne pune \u00een valoare creativitatea \u0219i imagina\u021bia, ne-am \u00eent\u00e2lnit \u0219i noi \u00een cadrul unui atelier de M\u0103r\u021bi\u0219or cu c\u00e2teva din creatoarele populare din \u0218ez\u0103toare Reghin, la muzeu.<\/div>\n<div dir=\"auto\">\u00a0<\/div>\n<div dir=\"auto\"><a href=\"https:\/\/www.muzeulreghin.ro\/galerie\/wppaspec\/oc1\/cv0\/ab61\">Galerie foto<\/a><\/div>\n<\/div>\n<\/div>\n<\/div>\n<\/div>\n<\/div>\n","protected":false},"excerpt":{"rendered":"<p>M\u0103r\u021bi\u0219orul, ini\u021bial obiect magic care ap\u0103ra de deochi \u0219i de razele arz\u0103toare ale soarelui, de toate relele asociate iernii, transformat \u00een timp \u00een bijuterie, a r\u0103mas un simbol al prim\u0103verii. [&hellip;]<\/p>\n","protected":false},"author":1,"featured_media":0,"comment_status":"closed","ping_status":"closed","sticky":false,"template":"","format":"standard","meta":{"inline_featured_image":false,"footnotes":""},"categories":[4],"tags":[],"class_list":["post-1244","post","type-post","status-publish","format-standard","hentry","category-blog"],"aioseo_notices":[],"_links":{"self":[{"href":"https:\/\/www.muzeulreghin.ro\/en\/wp-json\/wp\/v2\/posts\/1244","targetHints":{"allow":["GET"]}}],"collection":[{"href":"https:\/\/www.muzeulreghin.ro\/en\/wp-json\/wp\/v2\/posts"}],"about":[{"href":"https:\/\/www.muzeulreghin.ro\/en\/wp-json\/wp\/v2\/types\/post"}],"author":[{"embeddable":true,"href":"https:\/\/www.muzeulreghin.ro\/en\/wp-json\/wp\/v2\/users\/1"}],"replies":[{"embeddable":true,"href":"https:\/\/www.muzeulreghin.ro\/en\/wp-json\/wp\/v2\/comments?post=1244"}],"version-history":[{"count":0,"href":"https:\/\/www.muzeulreghin.ro\/en\/wp-json\/wp\/v2\/posts\/1244\/revisions"}],"wp:attachment":[{"href":"https:\/\/www.muzeulreghin.ro\/en\/wp-json\/wp\/v2\/media?parent=1244"}],"wp:term":[{"taxonomy":"category","embeddable":true,"href":"https:\/\/www.muzeulreghin.ro\/en\/wp-json\/wp\/v2\/categories?post=1244"},{"taxonomy":"post_tag","embeddable":true,"href":"https:\/\/www.muzeulreghin.ro\/en\/wp-json\/wp\/v2\/tags?post=1244"}],"curies":[{"name":"wp","href":"https:\/\/api.w.org\/{rel}","templated":true}]}}