{"id":1355,"date":"2021-06-24T09:23:31","date_gmt":"2021-06-24T07:23:31","guid":{"rendered":"https:\/\/www.muzeulreghin.ro\/?p=1355"},"modified":"2021-06-24T09:23:33","modified_gmt":"2021-06-24T07:23:33","slug":"obiceiuri-la-seceratul-graului","status":"publish","type":"post","link":"https:\/\/www.muzeulreghin.ro\/en\/obiceiuri-la-seceratul-graului\/","title":{"rendered":"Obiceiuri la seceratul gr\u00e2ului"},"content":{"rendered":"\n<div class=\"o9v6fnle cxmmr5t8 oygrvhab hcukyx3x c1et5uql ii04i59q\">\n<div dir=\"auto\"><img fetchpriority=\"high\" decoding=\"async\" class=\"alignnone size-medium wp-image-1356\" src=\"https:\/\/www.muzeulreghin.ro\/wp-content\/uploads\/2021\/06\/203063475_4224580450931773_1040324049364037039_n-300x197.jpg\" alt=\"\" width=\"300\" height=\"197\" srcset=\"https:\/\/www.muzeulreghin.ro\/wp-content\/uploads\/2021\/06\/203063475_4224580450931773_1040324049364037039_n-300x197.jpg 300w, https:\/\/www.muzeulreghin.ro\/wp-content\/uploads\/2021\/06\/203063475_4224580450931773_1040324049364037039_n-768x503.jpg 768w, https:\/\/www.muzeulreghin.ro\/wp-content\/uploads\/2021\/06\/203063475_4224580450931773_1040324049364037039_n-150x98.jpg 150w, https:\/\/www.muzeulreghin.ro\/wp-content\/uploads\/2021\/06\/203063475_4224580450931773_1040324049364037039_n.jpg 1024w\" sizes=\"(max-width: 300px) 100vw, 300px\" \/> <img decoding=\"async\" class=\"alignnone size-medium wp-image-1357\" src=\"https:\/\/www.muzeulreghin.ro\/wp-content\/uploads\/2021\/06\/204588321_4224580500931768_6109755919528901176_n-300x195.jpg\" alt=\"\" width=\"300\" height=\"195\" srcset=\"https:\/\/www.muzeulreghin.ro\/wp-content\/uploads\/2021\/06\/204588321_4224580500931768_6109755919528901176_n-300x195.jpg 300w, https:\/\/www.muzeulreghin.ro\/wp-content\/uploads\/2021\/06\/204588321_4224580500931768_6109755919528901176_n-1024x664.jpg 1024w, https:\/\/www.muzeulreghin.ro\/wp-content\/uploads\/2021\/06\/204588321_4224580500931768_6109755919528901176_n-768x498.jpg 768w, https:\/\/www.muzeulreghin.ro\/wp-content\/uploads\/2021\/06\/204588321_4224580500931768_6109755919528901176_n-1536x996.jpg 1536w, https:\/\/www.muzeulreghin.ro\/wp-content\/uploads\/2021\/06\/204588321_4224580500931768_6109755919528901176_n-150x97.jpg 150w, https:\/\/www.muzeulreghin.ro\/wp-content\/uploads\/2021\/06\/204588321_4224580500931768_6109755919528901176_n.jpg 1596w\" sizes=\"(max-width: 300px) 100vw, 300px\" \/> <img decoding=\"async\" class=\"alignnone size-medium wp-image-1358\" src=\"https:\/\/www.muzeulreghin.ro\/wp-content\/uploads\/2021\/06\/205015233_4224580194265132_7234755399002290525_n-200x300.jpg\" alt=\"\" width=\"200\" height=\"300\" srcset=\"https:\/\/www.muzeulreghin.ro\/wp-content\/uploads\/2021\/06\/205015233_4224580194265132_7234755399002290525_n-200x300.jpg 200w, https:\/\/www.muzeulreghin.ro\/wp-content\/uploads\/2021\/06\/205015233_4224580194265132_7234755399002290525_n-683x1024.jpg 683w, https:\/\/www.muzeulreghin.ro\/wp-content\/uploads\/2021\/06\/205015233_4224580194265132_7234755399002290525_n-768x1152.jpg 768w, https:\/\/www.muzeulreghin.ro\/wp-content\/uploads\/2021\/06\/205015233_4224580194265132_7234755399002290525_n-1024x1536.jpg 1024w, https:\/\/www.muzeulreghin.ro\/wp-content\/uploads\/2021\/06\/205015233_4224580194265132_7234755399002290525_n-100x150.jpg 100w, https:\/\/www.muzeulreghin.ro\/wp-content\/uploads\/2021\/06\/205015233_4224580194265132_7234755399002290525_n.jpg 1365w\" sizes=\"(max-width: 200px) 100vw, 200px\" \/><\/div>\n<div dir=\"auto\">Cu o zi \u00eenainte de \u00eenceperea seceratului, preotul satului sfin\u021bea uneltele folosite, secerele \u0219i coasa, cu care, \u00een ziua respectiv\u0103, participan\u021bii la lucru, cl\u0103ca\u0219ii, t\u0103iau doar un r\u00e2nd din lan, seceratul propriu-zis \u00eencep\u00e2nd \u00een ziua urm\u0103toare.<\/div>\n<div dir=\"auto\">La sf\u00e2r\u015fitul seceri\u015fului, cl\u0103ca\u0219ii l\u0103sau un m\u0103nunchi de gr\u00e2u pe tarla (pe ogor) pentru a avea \u015fi la anul o recolt\u0103 bogat\u0103. Lucr\u00e2nd \u00een clac\u0103, ei se gr\u0103beau s\u0103 termine seceri\u015ful \u00eenainte de apus, iar fetele se a\u0219ezau l\u00e2ng\u0103 claia de gr\u00e2u \u015fi, din ultimul snop, \u00eempleteau Coroana de Seceri\u015f.<\/div>\n<div dir=\"auto\">Din spicele de gr\u00e2u \u00eempleteau o cunun\u0103 care, \u00een unele locuri (Valea Nirajului), era asem\u0103nat\u0103 cu Coroana Sf\u00e2nt\u0103.<\/div>\n<div dir=\"auto\">Cununa era purtat\u0103 de c\u0103tre o fat\u0103 p\u00e2n\u0103 la casa gospodarului, care era \u0219i cel mai harnic fl\u0103c\u0103u care participase la seceri\u015f. \u00cen speran\u0163a c\u0103 vor avea o recolt\u0103 bun\u0103 \u015fi \u00een anul urm\u0103tor, a\u015fteptau cununa \u00een poart\u0103 pentru a fi udat\u0103 din bel\u0219ug cu ap\u0103, simboliz\u00e2nd ploaia. Dup\u0103 acest ritual, cl\u0103ca\u015fii erau servi\u0163i cu m\u00e2ncare \u015fi b\u0103utur\u0103, continuau cu petrecere, joc \u0219i voie bun\u0103 p\u00e2n\u0103 \u00een zori.<\/div>\n<div dir=\"auto\">\u00cen unele locuri, se \u00eempletea din spice de gr\u00e2u un clopot, care se p\u0103stra apoi timp un an ag\u0103\u021bat de grind\u0103, \u00een casa dinainte, dup\u0103 care era amestecat \u00een hrana animalelor din gospod\u0103rie. \u00cen unele locuri, clopotul sau cununa erau oferite la biseric\u0103 drept recuno\u015ftin\u0163\u0103 fa\u021b\u0103 de Dumnezeu pentru recolta avut\u0103. Toamna acestea se amestecau cu semin\u0163ele ce urmau a fi sem\u0103nate \u00een speran\u0163a unei noi recolte bogate.<\/div>\n<div dir=\"auto\">Exista credin\u021ba c\u0103 dac\u0103 gr\u00e2ul nu este secerat p\u00e2n\u0103 \u00een 10 august recolta se va pierde. Pe 20 august se f\u0103cea prima p\u00e2ine din recolta proasp\u0103t adunat\u0103.<\/div>\n<\/div>\n<div class=\"o9v6fnle cxmmr5t8 oygrvhab hcukyx3x c1et5uql ii04i59q\">\n<div dir=\"auto\">Fotografii din Arhiva Muzeului Etnografic \u201dAnton Badea\u201d<\/div>\n<\/div>\n","protected":false},"excerpt":{"rendered":"<p>Cu o zi \u00eenainte de \u00eenceperea seceratului, preotul satului sfin\u021bea uneltele folosite, secerele \u0219i coasa, cu care, \u00een ziua respectiv\u0103, participan\u021bii la lucru, cl\u0103ca\u0219ii, t\u0103iau doar un r\u00e2nd din lan, [&hellip;]<\/p>\n","protected":false},"author":1,"featured_media":0,"comment_status":"closed","ping_status":"closed","sticky":false,"template":"","format":"standard","meta":{"inline_featured_image":false,"footnotes":""},"categories":[4],"tags":[],"class_list":["post-1355","post","type-post","status-publish","format-standard","hentry","category-blog"],"aioseo_notices":[],"_links":{"self":[{"href":"https:\/\/www.muzeulreghin.ro\/en\/wp-json\/wp\/v2\/posts\/1355","targetHints":{"allow":["GET"]}}],"collection":[{"href":"https:\/\/www.muzeulreghin.ro\/en\/wp-json\/wp\/v2\/posts"}],"about":[{"href":"https:\/\/www.muzeulreghin.ro\/en\/wp-json\/wp\/v2\/types\/post"}],"author":[{"embeddable":true,"href":"https:\/\/www.muzeulreghin.ro\/en\/wp-json\/wp\/v2\/users\/1"}],"replies":[{"embeddable":true,"href":"https:\/\/www.muzeulreghin.ro\/en\/wp-json\/wp\/v2\/comments?post=1355"}],"version-history":[{"count":0,"href":"https:\/\/www.muzeulreghin.ro\/en\/wp-json\/wp\/v2\/posts\/1355\/revisions"}],"wp:attachment":[{"href":"https:\/\/www.muzeulreghin.ro\/en\/wp-json\/wp\/v2\/media?parent=1355"}],"wp:term":[{"taxonomy":"category","embeddable":true,"href":"https:\/\/www.muzeulreghin.ro\/en\/wp-json\/wp\/v2\/categories?post=1355"},{"taxonomy":"post_tag","embeddable":true,"href":"https:\/\/www.muzeulreghin.ro\/en\/wp-json\/wp\/v2\/tags?post=1355"}],"curies":[{"name":"wp","href":"https:\/\/api.w.org\/{rel}","templated":true}]}}