{"id":1527,"date":"2022-02-28T10:01:58","date_gmt":"2022-02-28T08:01:58","guid":{"rendered":"https:\/\/www.muzeulreghin.ro\/?p=1527"},"modified":"2022-02-28T10:01:59","modified_gmt":"2022-02-28T08:01:59","slug":"martie-sau-martisor-in-calendarul-popular","status":"publish","type":"post","link":"https:\/\/www.muzeulreghin.ro\/en\/martie-sau-martisor-in-calendarul-popular\/","title":{"rendered":"Martie sau M\u0103r\u021bi\u0219or \u00een calendarul popular"},"content":{"rendered":"\n<p><img fetchpriority=\"high\" decoding=\"async\" class=\"alignnone wp-image-1529 size-full\" src=\"https:\/\/www.muzeulreghin.ro\/wp-content\/uploads\/2022\/02\/274462996_5034854303237713_8703767235452256050_n.jpg\" alt=\"\" width=\"554\" height=\"860\" srcset=\"https:\/\/www.muzeulreghin.ro\/wp-content\/uploads\/2022\/02\/274462996_5034854303237713_8703767235452256050_n.jpg 554w, https:\/\/www.muzeulreghin.ro\/wp-content\/uploads\/2022\/02\/274462996_5034854303237713_8703767235452256050_n-193x300.jpg 193w, https:\/\/www.muzeulreghin.ro\/wp-content\/uploads\/2022\/02\/274462996_5034854303237713_8703767235452256050_n-97x150.jpg 97w\" sizes=\"(max-width: 554px) 100vw, 554px\" \/><\/p>\n<p>Martie este a treia lun\u0103 a anului \u00een calendarul Gregorian \u0219i una dintre cele \u0219apte luni gregoriene cu o durat\u0103 de 31 de zile. Luna Martie mai este denumit\u0103 \u0219i: mart, marte, martiu, m\u0103r\u021bi\u0219or etc.<br \/>\u00cen aceast\u0103 lun\u0103 M\u0103r\u021bi\u0219or, \u00eencepe aratul \u0219i sem\u0103natul, se cur\u0103\u021b\u0103 livezile \u0219i gr\u0103dinile, se scot stupii de la iernat. Martie a luat de la toate lunile c\u00e2teva zile, ca s\u0103 arate c\u0103 este mai mare \u0219i de aceea are mai multe zile, dec\u00e2t lunile celelalte.<br \/>Prima zi a prim\u0103verii, ziua de 1 Martie, este \u0219i ziua Babei Dochia, o b\u0103tr\u00e2n\u0103 zei\u021b\u0103 agrar\u0103, ce moare de 1 martie \u0219i rena\u0219te de Mucenici, pe 9 martie. Luna Martie, este luna \u00een care strigoii \u0219i v\u00e2rcolacii umbl\u0103, de aceea cre\u0219tinii afum\u0103 casele cu t\u0103m\u00e2ie, pentru a fi feri\u021bi de duhurile rele.<br \/>\u00cen aceast\u0103 lun\u0103 ghioceii sunt primii vestitori ai prim\u0103verii, care r\u0103sar devreme de sub stratul de z\u0103pad\u0103, pentru a \u00eent\u00e2mpina noul anotimp. Albul lor curat semnific\u0103 puritate, dar \u0219i primul semn timid al vie\u021bii, care rena\u0219te sub razele calde a soarelui.<br \/>M\u0103r\u021bi\u0219orul este o s\u0103rb\u0103toare veche de mii de ani, din vremea dacilor, care simbolizeaz\u0103 moartea \u0219i rena\u0219terea, \u00eentunericul \u0219i lumina, b\u0103rbatul \u0219i femeia. Purtarea m\u0103r\u021bi\u0219orului reprezenta contracararea for\u021belor distructive ale soarelui rece, care a \u021binut iarna \u00een spate. Din cele dou\u0103 fire, ro\u0219ul reprezenta norocul, \u0219ansa, iar albul s\u0103n\u0103tatea. La \u00eenceputuri, \u0219nurul era ata\u0219at unei monede, apoi unor pietricele de r\u00e2u vopsite \u00een alb \u0219i ro\u0219u, forma lui evolu\u00e2nd \u00een timp.<br \/>\u00cen zilele noastre, m\u0103r\u021bi\u0219orul, f\u0103cut din dou\u0103 fire r\u0103sucite, alb \u0219i ro\u0219u de care se prinde de cele mai multe ori un obiect artizanal, este f\u0103cut cadou doamnelor \u0219i domni\u0219oarelor \u00een ziua de 1 Martie, iar apoi este a\u0219ezat pe pomii fructiferi pentru a aduce bel\u0219ug \u00een casele oamenilor.<br \/><br \/>Foto din arhiva Muzeului Etnografic \u201eAnton Badea\u201d, V\u0103tava, Mure\u0219, 1966<\/p>\n","protected":false},"excerpt":{"rendered":"<p>Martie este a treia lun\u0103 a anului \u00een calendarul Gregorian \u0219i una dintre cele \u0219apte luni gregoriene cu o durat\u0103 de 31 de zile. Luna Martie mai este denumit\u0103 \u0219i: [&hellip;]<\/p>\n","protected":false},"author":1,"featured_media":0,"comment_status":"closed","ping_status":"closed","sticky":false,"template":"","format":"standard","meta":{"inline_featured_image":false,"footnotes":""},"categories":[4],"tags":[],"class_list":["post-1527","post","type-post","status-publish","format-standard","hentry","category-blog"],"aioseo_notices":[],"_links":{"self":[{"href":"https:\/\/www.muzeulreghin.ro\/en\/wp-json\/wp\/v2\/posts\/1527","targetHints":{"allow":["GET"]}}],"collection":[{"href":"https:\/\/www.muzeulreghin.ro\/en\/wp-json\/wp\/v2\/posts"}],"about":[{"href":"https:\/\/www.muzeulreghin.ro\/en\/wp-json\/wp\/v2\/types\/post"}],"author":[{"embeddable":true,"href":"https:\/\/www.muzeulreghin.ro\/en\/wp-json\/wp\/v2\/users\/1"}],"replies":[{"embeddable":true,"href":"https:\/\/www.muzeulreghin.ro\/en\/wp-json\/wp\/v2\/comments?post=1527"}],"version-history":[{"count":0,"href":"https:\/\/www.muzeulreghin.ro\/en\/wp-json\/wp\/v2\/posts\/1527\/revisions"}],"wp:attachment":[{"href":"https:\/\/www.muzeulreghin.ro\/en\/wp-json\/wp\/v2\/media?parent=1527"}],"wp:term":[{"taxonomy":"category","embeddable":true,"href":"https:\/\/www.muzeulreghin.ro\/en\/wp-json\/wp\/v2\/categories?post=1527"},{"taxonomy":"post_tag","embeddable":true,"href":"https:\/\/www.muzeulreghin.ro\/en\/wp-json\/wp\/v2\/tags?post=1527"}],"curies":[{"name":"wp","href":"https:\/\/api.w.org\/{rel}","templated":true}]}}