{"id":652,"date":"2017-07-13T09:48:52","date_gmt":"2017-07-13T07:48:52","guid":{"rendered":"https:\/\/www.muzeulreghin.ro\/?p=652"},"modified":"2017-08-22T08:11:39","modified_gmt":"2017-08-22T06:11:39","slug":"tabara-interculturala-pentru-tineri-arta-ca-viata","status":"publish","type":"post","link":"https:\/\/www.muzeulreghin.ro\/en\/tabara-interculturala-pentru-tineri-arta-ca-viata\/","title":{"rendered":"Tab\u0103ra intercultural\u0103 pentru tineri \u201eArta ca Via\u021ba!\u201d"},"content":{"rendered":"<p style=\"text-align: left;\"><span id=\"fbPhotoSnowliftCaption\" class=\"fbPhotosPhotoCaption\" tabindex=\"0\" aria-live=\"polite\" data-ft=\"{&quot;tn&quot;:&quot;K&quot;}\"><span class=\"hasCaption\">\u00cen perioada 9-12 august 2017 se va desf\u0103\u0219ura \u201dTab\u0103ra Intercultural\u0103 pentru Tineri- Arta ca via\u021ba!\u201d \u00een cadrul proiectului cu acela\u0219i nume desf\u0103\u0219urat \u00een parteneriat cu Prim\u0103ria Municipiului Reghin, Consiliul Jude\u021bean Mure\u0219 \u0219i Asocia\u021bia Inova\u021bie \u00een Educa\u021bie \u201dEureka\u201d.<\/span><\/span><\/p>\n<p>Scopul proiectului este schimbul cultural, dialogul \u0219i interac\u021biunea cu alte culturi. Programul cuprinde mai multe sec\u021biuni tematice<span class=\"text_exposed_show\"> care ofer\u0103 tinerilor experien\u021ba cunoa\u0219terii universului tradi\u021biilor \u0219i experien\u021ba alterit\u0103\u021bii, prilejul de a c\u0103uta necunoscutul \u0219i implicit resursele de crea\u021bie ale propriei fiin\u021be.<br \/>\nVor participa tineri din ora\u0219ul Cern\u0103u\u021bi-Ucraina, ora\u0219ul Ungheni-Republica Moldova \u0219i din Reghin, ei vor lua parte la modulele de educa\u021bie \u0219i art\u0103 culinar\u0103, educa\u021bie artistic\u0103 \u0219i educa\u021bie outdoor.<\/span><\/p>\n<p>Proiectul este o invita\u021bie la apropierea de natur\u0103 \u0219i tradi\u021bii, stimularea creativit\u0103\u021bii \u00eentr-o direc\u021bie artistic\u0103 promov\u00e2nd respectul pentru cel\u0103lalt, toleran\u021ba fa\u021b\u0103 de diversitate \u0219i complementaritatea dintre culturi.<\/p>\n<p><a href=\"https:\/\/www.muzeulreghin.ro\/galerie\/wppaspec\/oc1\/cv0\/ab10\">Galerie foto<\/a><\/p>\n<p><img fetchpriority=\"high\" decoding=\"async\" class=\"alignnone size-medium wp-image-653\" src=\"https:\/\/www.muzeulreghin.ro\/wp-content\/uploads\/2017\/07\/19989693_1485543364840206_3103461040338188274_n-212x300.jpg\" alt=\"\" width=\"212\" height=\"300\" srcset=\"https:\/\/www.muzeulreghin.ro\/wp-content\/uploads\/2017\/07\/19989693_1485543364840206_3103461040338188274_n-212x300.jpg 212w, https:\/\/www.muzeulreghin.ro\/wp-content\/uploads\/2017\/07\/19989693_1485543364840206_3103461040338188274_n-106x150.jpg 106w, https:\/\/www.muzeulreghin.ro\/wp-content\/uploads\/2017\/07\/19989693_1485543364840206_3103461040338188274_n.jpg 679w\" sizes=\"(max-width: 212px) 100vw, 212px\" \/><\/p>\n","protected":false},"excerpt":{"rendered":"<p>\u00cen perioada 9-12 august 2017 se va desf\u0103\u0219ura \u201dTab\u0103ra Intercultural\u0103 pentru Tineri- Arta ca via\u021ba!\u201d \u00een cadrul proiectului cu acela\u0219i nume desf\u0103\u0219urat \u00een parteneriat cu Prim\u0103ria Municipiului Reghin, Consiliul Jude\u021bean [&hellip;]<\/p>\n","protected":false},"author":1,"featured_media":0,"comment_status":"closed","ping_status":"closed","sticky":false,"template":"","format":"standard","meta":{"inline_featured_image":false,"footnotes":""},"categories":[4],"tags":[],"class_list":["post-652","post","type-post","status-publish","format-standard","hentry","category-blog"],"aioseo_notices":[],"_links":{"self":[{"href":"https:\/\/www.muzeulreghin.ro\/en\/wp-json\/wp\/v2\/posts\/652","targetHints":{"allow":["GET"]}}],"collection":[{"href":"https:\/\/www.muzeulreghin.ro\/en\/wp-json\/wp\/v2\/posts"}],"about":[{"href":"https:\/\/www.muzeulreghin.ro\/en\/wp-json\/wp\/v2\/types\/post"}],"author":[{"embeddable":true,"href":"https:\/\/www.muzeulreghin.ro\/en\/wp-json\/wp\/v2\/users\/1"}],"replies":[{"embeddable":true,"href":"https:\/\/www.muzeulreghin.ro\/en\/wp-json\/wp\/v2\/comments?post=652"}],"version-history":[{"count":0,"href":"https:\/\/www.muzeulreghin.ro\/en\/wp-json\/wp\/v2\/posts\/652\/revisions"}],"wp:attachment":[{"href":"https:\/\/www.muzeulreghin.ro\/en\/wp-json\/wp\/v2\/media?parent=652"}],"wp:term":[{"taxonomy":"category","embeddable":true,"href":"https:\/\/www.muzeulreghin.ro\/en\/wp-json\/wp\/v2\/categories?post=652"},{"taxonomy":"post_tag","embeddable":true,"href":"https:\/\/www.muzeulreghin.ro\/en\/wp-json\/wp\/v2\/tags?post=652"}],"curies":[{"name":"wp","href":"https:\/\/api.w.org\/{rel}","templated":true}]}}