{"id":7586,"date":"2024-06-11T08:05:12","date_gmt":"2024-06-11T06:05:12","guid":{"rendered":"https:\/\/www.muzeulreghin.ro\/?p=7586"},"modified":"2024-06-11T08:05:15","modified_gmt":"2024-06-11T06:05:15","slug":"intre-cer-si-pamant-camasa-cu-altita","status":"publish","type":"post","link":"https:\/\/www.muzeulreghin.ro\/en\/intre-cer-si-pamant-camasa-cu-altita\/","title":{"rendered":"\u201e\u00centre cer \u0219i p\u0103m\u00e2nt\u201d &#8211; c\u0103ma\u0219a cu alti\u021b\u0103"},"content":{"rendered":"\n\n\n<p><img fetchpriority=\"high\" decoding=\"async\" class=\"alignnone size-large wp-image-7584\" src=\"https:\/\/www.muzeulreghin.ro\/wp-content\/uploads\/2024\/06\/444925111_1020479253414198_1900304185823174533_n-1024x1024.jpg\" alt=\"\" width=\"980\" height=\"980\" srcset=\"https:\/\/www.muzeulreghin.ro\/wp-content\/uploads\/2024\/06\/444925111_1020479253414198_1900304185823174533_n-1024x1024.jpg 1024w, https:\/\/www.muzeulreghin.ro\/wp-content\/uploads\/2024\/06\/444925111_1020479253414198_1900304185823174533_n-300x300.jpg 300w, https:\/\/www.muzeulreghin.ro\/wp-content\/uploads\/2024\/06\/444925111_1020479253414198_1900304185823174533_n-150x150.jpg 150w, https:\/\/www.muzeulreghin.ro\/wp-content\/uploads\/2024\/06\/444925111_1020479253414198_1900304185823174533_n-768x768.jpg 768w, https:\/\/www.muzeulreghin.ro\/wp-content\/uploads\/2024\/06\/444925111_1020479253414198_1900304185823174533_n-1536x1536.jpg 1536w, https:\/\/www.muzeulreghin.ro\/wp-content\/uploads\/2024\/06\/444925111_1020479253414198_1900304185823174533_n-500x500.jpg 500w, https:\/\/www.muzeulreghin.ro\/wp-content\/uploads\/2024\/06\/444925111_1020479253414198_1900304185823174533_n.jpg 1600w\" sizes=\"(max-width: 980px) 100vw, 980px\" \/><\/p>\n<p>C\u0103ma\u0219a cu alti\u021b\u0103 este o Imago mundi!<br class=\"html-br\" \/><br class=\"html-br\" \/>C\u0103ma\u0219a, parte a portului popular tradi\u021bional rom\u00e2nesc, este o imagine a lumii \u0219i reprezint\u0103 un act de crea\u021bie dup\u0103 modelul Facerii Lumii.<br class=\"html-br\" \/>C\u0103ma\u0219a cu alti\u021b\u0103 este o variant\u0103 a c\u0103m\u0103\u0219ii \u00eencre\u021bite la g\u00e2t de tip carpatic care apar\u021bine str\u0103vechiului fond iliro-traco-dacic, care s-a purtat \u00een sud -estul Europei a\u0219a cum arat\u0103 reprezent\u0103rile sculptate pe monumentele din antichitate.<br class=\"html-br\" \/>Un simbolism cosmic al satului este reluat \u00een fiecare c\u0103ma\u0219\u0103 cusut\u0103 de femeile de alt\u0103dat\u0103 cu grij\u0103 pentru a avea protec\u021bie \u0219i fertilitate. C\u0103m\u0103\u0219ile lor ne arat\u0103 c\u0103 acestea nu puteau tr\u0103i dec\u00e2t \u00eentr-un spa\u021biu deschis c\u0103tre \u00eenalt, \u00een care comunicarea cu lumea cealalt\u0103 era mijlocit\u0103 prin ritual.<br class=\"html-br\" \/><br class=\"html-br\" \/>Con\u021bin\u00e2nd un simbolism al centrului c\u0103ma\u0219a repet\u0103 cosmogonia. Leg\u0103tura \u00eentre Cer \u0219i p\u0103m\u00e2nt este g\u0103sit\u0103 \u00een dimensiunea sacr\u0103 a existen\u021bei \u00een Lume, creat\u0103 \u0219i recreat\u0103 cu puterea \u00eennoitoare a sacrificiului.<br class=\"html-br\" \/>&#8211;\u00a0<span class=\"html-span xdj266r x11i5rnm xat24cr x1mh8g0r xexx8yu x4uap5 x18d9i69 xkhd6sd x1hl2dhg x16tdsg8 x1vvkbs\"><a class=\"x1i10hfl xjbqb8w x1ejq31n xd10rxx x1sy0etr x17r0tee x972fbf xcfux6l x1qhh985 xm0m39n x9f619 x1ypdohk xt0psk2 xe8uvvx xdj266r x11i5rnm xat24cr x1mh8g0r xexx8yu x4uap5 x18d9i69 xkhd6sd x16tdsg8 x1hl2dhg xggy1nq x1a2a7pz x1sur9pj xkrqix3 xzsf02u x1s688f\" tabindex=\"0\" role=\"link\" href=\"https:\/\/www.facebook.com\/roxana.man.79?__cft__[0]=AZUWa6oEfuUCzaeXvhAlioi3OVYvf-5i-AnRdno3ayfKrzbQyvKFVSKz74fPle1TqAKmpyQiS-8EHqlYw9jWKesQUrewHTEGNjLxFVvQF1tdJRaUZkfMUUvX9aFpoglGA4LR5OwauTiHH51Yj_uhvjIQwnS6tN-YxEWYwBCyNLQshyiqEDsvFvgk3aCkbiWEsofWgoN27CsDyU-us9Vpb5-7&amp;__tn__=-]K*F\"><span class=\"xt0psk2\">Roxana Maria Man<\/span><\/a><\/span>\u00a0coordonator expozi\u021bie<br class=\"html-br\" \/><br class=\"html-br\" \/>Program:<br class=\"html-br\" \/>Deschiderea \u0219i prezentarea expozi\u021biei, Roxana Maria Man, manager Muzeul Etnografic<br class=\"html-br\" \/>Prezentarea culegerii de folclor din Idicel Sat \u201dSub poal\u0103 de codru verde\u201d autor M\u0103rioara B\u00e2rsan \u0219i Raluca Ioana B\u00e2rsan, prezint\u0103 domnul scriitor Nicolae B\u0103ciu\u021b \u0219i doamna Maria Borzan, cercet\u0103tor etnograf<br class=\"html-br\" \/>\u0218ez\u0103toare cu grupul din Reghin, coordonator Daniela Bugnar<\/p>\n","protected":false},"excerpt":{"rendered":"<p>C\u0103ma\u0219a cu alti\u021b\u0103 este o Imago mundi!C\u0103ma\u0219a, parte a portului popular tradi\u021bional rom\u00e2nesc, este o imagine a lumii \u0219i reprezint\u0103 un act de crea\u021bie dup\u0103 modelul Facerii Lumii.C\u0103ma\u0219a cu alti\u021b\u0103 [&hellip;]<\/p>\n","protected":false},"author":1,"featured_media":0,"comment_status":"closed","ping_status":"closed","sticky":false,"template":"","format":"standard","meta":{"inline_featured_image":false,"footnotes":""},"categories":[4],"tags":[],"class_list":["post-7586","post","type-post","status-publish","format-standard","hentry","category-blog"],"aioseo_notices":[],"_links":{"self":[{"href":"https:\/\/www.muzeulreghin.ro\/en\/wp-json\/wp\/v2\/posts\/7586","targetHints":{"allow":["GET"]}}],"collection":[{"href":"https:\/\/www.muzeulreghin.ro\/en\/wp-json\/wp\/v2\/posts"}],"about":[{"href":"https:\/\/www.muzeulreghin.ro\/en\/wp-json\/wp\/v2\/types\/post"}],"author":[{"embeddable":true,"href":"https:\/\/www.muzeulreghin.ro\/en\/wp-json\/wp\/v2\/users\/1"}],"replies":[{"embeddable":true,"href":"https:\/\/www.muzeulreghin.ro\/en\/wp-json\/wp\/v2\/comments?post=7586"}],"version-history":[{"count":1,"href":"https:\/\/www.muzeulreghin.ro\/en\/wp-json\/wp\/v2\/posts\/7586\/revisions"}],"predecessor-version":[{"id":7587,"href":"https:\/\/www.muzeulreghin.ro\/en\/wp-json\/wp\/v2\/posts\/7586\/revisions\/7587"}],"wp:attachment":[{"href":"https:\/\/www.muzeulreghin.ro\/en\/wp-json\/wp\/v2\/media?parent=7586"}],"wp:term":[{"taxonomy":"category","embeddable":true,"href":"https:\/\/www.muzeulreghin.ro\/en\/wp-json\/wp\/v2\/categories?post=7586"},{"taxonomy":"post_tag","embeddable":true,"href":"https:\/\/www.muzeulreghin.ro\/en\/wp-json\/wp\/v2\/tags?post=7586"}],"curies":[{"name":"wp","href":"https:\/\/api.w.org\/{rel}","templated":true}]}}