{"id":7648,"date":"2025-02-20T10:19:14","date_gmt":"2025-02-20T08:19:14","guid":{"rendered":"https:\/\/www.muzeulreghin.ro\/?p=7648"},"modified":"2025-02-20T10:19:18","modified_gmt":"2025-02-20T08:19:18","slug":"sezatoare-la-muzeu-de-dragobete","status":"publish","type":"post","link":"https:\/\/www.muzeulreghin.ro\/en\/sezatoare-la-muzeu-de-dragobete\/","title":{"rendered":"\u0218ez\u0103toare la muzeu de Dragobete"},"content":{"rendered":"\n\n\n<p><img fetchpriority=\"high\" decoding=\"async\" class=\"alignnone size-large wp-image-7646\" src=\"https:\/\/www.muzeulreghin.ro\/wp-content\/uploads\/2025\/02\/IMG-20250220-WA0001-1024x1024.jpg\" alt=\"\" width=\"980\" height=\"980\" srcset=\"https:\/\/www.muzeulreghin.ro\/wp-content\/uploads\/2025\/02\/IMG-20250220-WA0001-1024x1024.jpg 1024w, https:\/\/www.muzeulreghin.ro\/wp-content\/uploads\/2025\/02\/IMG-20250220-WA0001-300x300.jpg 300w, https:\/\/www.muzeulreghin.ro\/wp-content\/uploads\/2025\/02\/IMG-20250220-WA0001-150x150.jpg 150w, https:\/\/www.muzeulreghin.ro\/wp-content\/uploads\/2025\/02\/IMG-20250220-WA0001-768x768.jpg 768w, https:\/\/www.muzeulreghin.ro\/wp-content\/uploads\/2025\/02\/IMG-20250220-WA0001-1536x1536.jpg 1536w, https:\/\/www.muzeulreghin.ro\/wp-content\/uploads\/2025\/02\/IMG-20250220-WA0001-500x500.jpg 500w, https:\/\/www.muzeulreghin.ro\/wp-content\/uploads\/2025\/02\/IMG-20250220-WA0001.jpg 1600w\" sizes=\"(max-width: 980px) 100vw, 980px\" \/><\/p>\n<div class=\"xdj266r x11i5rnm xat24cr x1mh8g0r x1vvkbs x126k92a\">\n<div dir=\"auto\">Tradi\u021biile purtate \u00een inimile celor care le-au tr\u0103it, trimit, \u0219i azi, ecouri c\u0103tre alte timpuri, ce vorbesc de vremuri \u00een care \u00eent\u00e2lnirea \u00een \u0219ez\u0103toare era sf\u00e2nt\u0103, natura pulsa \u00een fiecare b\u0103taie de inim\u0103 \u0219i fiecare \u00ee\u0219i cuno\u0219tea bine locul s\u0103u \u00een lume.<\/div>\n<div dir=\"auto\">\u00a0<\/div>\n<\/div>\n<div class=\"x11i5rnm xat24cr x1mh8g0r x1vvkbs xtlvy1s x126k92a\">\n<div dir=\"auto\">\u0218ez\u0103torile \u00een c\u00e2\u0219legi urmeaz\u0103 unei perioade de diverse fr\u0103m\u00e2nt\u0103ri \u0219i preocup\u0103ri de sf\u00e2r\u0219it de iarn\u0103 \u0219i \u00eenceput de prim\u0103var\u0103, c\u00e2nd natura conlucreaz\u0103 \u0219i elibereaz\u0103 spiritul, orient\u00e2nd energiile creatoare spre un nou \u00eenceput \u0219i efortul oamenilor spre o nou\u0103 etap\u0103 de via\u021b\u0103.<\/div>\n<div dir=\"auto\">\u00a0<\/div>\n<\/div>\n<div class=\"x11i5rnm xat24cr x1mh8g0r x1vvkbs xtlvy1s x126k92a\">\n<div dir=\"auto\">\u00cen 24 februarie 2025, c\u00e2nd s\u0103rb\u0103torim Dragobetele\/S\u00e2ntionul de prim\u0103var\u0103, ne \u00eent\u00e2lnim cu o parte dintre ace\u0219ti oameni dragi din satele de l\u00e2ng\u0103 noi.<\/div>\n<\/div>\n","protected":false},"excerpt":{"rendered":"<p>Tradi\u021biile purtate \u00een inimile celor care le-au tr\u0103it, trimit, \u0219i azi, ecouri c\u0103tre alte timpuri, ce vorbesc de vremuri \u00een care \u00eent\u00e2lnirea \u00een \u0219ez\u0103toare era sf\u00e2nt\u0103, natura pulsa \u00een fiecare [&hellip;]<\/p>\n","protected":false},"author":1,"featured_media":0,"comment_status":"closed","ping_status":"closed","sticky":false,"template":"","format":"standard","meta":{"inline_featured_image":false,"footnotes":""},"categories":[4],"tags":[],"class_list":["post-7648","post","type-post","status-publish","format-standard","hentry","category-blog"],"aioseo_notices":[],"_links":{"self":[{"href":"https:\/\/www.muzeulreghin.ro\/en\/wp-json\/wp\/v2\/posts\/7648","targetHints":{"allow":["GET"]}}],"collection":[{"href":"https:\/\/www.muzeulreghin.ro\/en\/wp-json\/wp\/v2\/posts"}],"about":[{"href":"https:\/\/www.muzeulreghin.ro\/en\/wp-json\/wp\/v2\/types\/post"}],"author":[{"embeddable":true,"href":"https:\/\/www.muzeulreghin.ro\/en\/wp-json\/wp\/v2\/users\/1"}],"replies":[{"embeddable":true,"href":"https:\/\/www.muzeulreghin.ro\/en\/wp-json\/wp\/v2\/comments?post=7648"}],"version-history":[{"count":1,"href":"https:\/\/www.muzeulreghin.ro\/en\/wp-json\/wp\/v2\/posts\/7648\/revisions"}],"predecessor-version":[{"id":7649,"href":"https:\/\/www.muzeulreghin.ro\/en\/wp-json\/wp\/v2\/posts\/7648\/revisions\/7649"}],"wp:attachment":[{"href":"https:\/\/www.muzeulreghin.ro\/en\/wp-json\/wp\/v2\/media?parent=7648"}],"wp:term":[{"taxonomy":"category","embeddable":true,"href":"https:\/\/www.muzeulreghin.ro\/en\/wp-json\/wp\/v2\/categories?post=7648"},{"taxonomy":"post_tag","embeddable":true,"href":"https:\/\/www.muzeulreghin.ro\/en\/wp-json\/wp\/v2\/tags?post=7648"}],"curies":[{"name":"wp","href":"https:\/\/api.w.org\/{rel}","templated":true}]}}