{"id":7656,"date":"2025-02-27T11:33:01","date_gmt":"2025-02-27T09:33:01","guid":{"rendered":"https:\/\/www.muzeulreghin.ro\/?p=7656"},"modified":"2025-02-27T11:33:05","modified_gmt":"2025-02-27T09:33:05","slug":"despre-romi-dincolo-de-bine-si-rau","status":"publish","type":"post","link":"https:\/\/www.muzeulreghin.ro\/en\/despre-romi-dincolo-de-bine-si-rau\/","title":{"rendered":"Despre romi, dincolo de bine \u0219i r\u0103u"},"content":{"rendered":"\n<p><\/p>\n\n\n\n\n\n<div class=\"x11i5rnm xat24cr x1mh8g0r x1vvkbs xtlvy1s x126k92a\">\n<div dir=\"auto\"><img fetchpriority=\"high\" decoding=\"async\" class=\"alignnone size-large wp-image-7657\" src=\"https:\/\/www.muzeulreghin.ro\/wp-content\/uploads\/2025\/02\/1-1010x1024.jpg\" alt=\"\" width=\"980\" height=\"994\" srcset=\"https:\/\/www.muzeulreghin.ro\/wp-content\/uploads\/2025\/02\/1-1010x1024.jpg 1010w, https:\/\/www.muzeulreghin.ro\/wp-content\/uploads\/2025\/02\/1-296x300.jpg 296w, https:\/\/www.muzeulreghin.ro\/wp-content\/uploads\/2025\/02\/1-768x779.jpg 768w, https:\/\/www.muzeulreghin.ro\/wp-content\/uploads\/2025\/02\/1-1515x1536.jpg 1515w, https:\/\/www.muzeulreghin.ro\/wp-content\/uploads\/2025\/02\/1-2020x2048.jpg 2020w, https:\/\/www.muzeulreghin.ro\/wp-content\/uploads\/2025\/02\/1-493x500.jpg 493w\" sizes=\"(max-width: 980px) 100vw, 980px\" \/> <img decoding=\"async\" class=\"alignnone size-large wp-image-7658\" src=\"https:\/\/www.muzeulreghin.ro\/wp-content\/uploads\/2025\/02\/3-1010x1024.jpg\" alt=\"\" width=\"980\" height=\"994\" srcset=\"https:\/\/www.muzeulreghin.ro\/wp-content\/uploads\/2025\/02\/3-1010x1024.jpg 1010w, https:\/\/www.muzeulreghin.ro\/wp-content\/uploads\/2025\/02\/3-296x300.jpg 296w, https:\/\/www.muzeulreghin.ro\/wp-content\/uploads\/2025\/02\/3-768x779.jpg 768w, https:\/\/www.muzeulreghin.ro\/wp-content\/uploads\/2025\/02\/3-1515x1536.jpg 1515w, https:\/\/www.muzeulreghin.ro\/wp-content\/uploads\/2025\/02\/3-2020x2048.jpg 2020w, https:\/\/www.muzeulreghin.ro\/wp-content\/uploads\/2025\/02\/3-493x500.jpg 493w\" sizes=\"(max-width: 980px) 100vw, 980px\" \/> <img decoding=\"async\" class=\"alignnone size-large wp-image-7659\" src=\"https:\/\/www.muzeulreghin.ro\/wp-content\/uploads\/2025\/02\/5-1024x1010.jpg\" alt=\"\" width=\"980\" height=\"967\" srcset=\"https:\/\/www.muzeulreghin.ro\/wp-content\/uploads\/2025\/02\/5-1024x1010.jpg 1024w, https:\/\/www.muzeulreghin.ro\/wp-content\/uploads\/2025\/02\/5-300x296.jpg 300w, https:\/\/www.muzeulreghin.ro\/wp-content\/uploads\/2025\/02\/5-768x757.jpg 768w, https:\/\/www.muzeulreghin.ro\/wp-content\/uploads\/2025\/02\/5-1536x1515.jpg 1536w, https:\/\/www.muzeulreghin.ro\/wp-content\/uploads\/2025\/02\/5-2048x2020.jpg 2048w, https:\/\/www.muzeulreghin.ro\/wp-content\/uploads\/2025\/02\/5-507x500.jpg 507w\" sizes=\"(max-width: 980px) 100vw, 980px\" \/> <img loading=\"lazy\" decoding=\"async\" class=\"alignnone size-large wp-image-7660\" src=\"https:\/\/www.muzeulreghin.ro\/wp-content\/uploads\/2025\/02\/1499-1024x679.jpg\" alt=\"\" width=\"980\" height=\"650\" srcset=\"https:\/\/www.muzeulreghin.ro\/wp-content\/uploads\/2025\/02\/1499-1024x679.jpg 1024w, https:\/\/www.muzeulreghin.ro\/wp-content\/uploads\/2025\/02\/1499-300x199.jpg 300w, https:\/\/www.muzeulreghin.ro\/wp-content\/uploads\/2025\/02\/1499-768x509.jpg 768w, https:\/\/www.muzeulreghin.ro\/wp-content\/uploads\/2025\/02\/1499-1536x1019.jpg 1536w, https:\/\/www.muzeulreghin.ro\/wp-content\/uploads\/2025\/02\/1499-2048x1358.jpg 2048w, https:\/\/www.muzeulreghin.ro\/wp-content\/uploads\/2025\/02\/1499-754x500.jpg 754w\" sizes=\"(max-width: 980px) 100vw, 980px\" \/> <img loading=\"lazy\" decoding=\"async\" class=\"alignnone size-large wp-image-7661\" src=\"https:\/\/www.muzeulreghin.ro\/wp-content\/uploads\/2025\/02\/1501-1024x679.jpg\" alt=\"\" width=\"980\" height=\"650\" srcset=\"https:\/\/www.muzeulreghin.ro\/wp-content\/uploads\/2025\/02\/1501-1024x679.jpg 1024w, https:\/\/www.muzeulreghin.ro\/wp-content\/uploads\/2025\/02\/1501-300x199.jpg 300w, https:\/\/www.muzeulreghin.ro\/wp-content\/uploads\/2025\/02\/1501-768x509.jpg 768w, https:\/\/www.muzeulreghin.ro\/wp-content\/uploads\/2025\/02\/1501-1536x1019.jpg 1536w, https:\/\/www.muzeulreghin.ro\/wp-content\/uploads\/2025\/02\/1501-2048x1358.jpg 2048w, https:\/\/www.muzeulreghin.ro\/wp-content\/uploads\/2025\/02\/1501-754x500.jpg 754w\" sizes=\"(max-width: 980px) 100vw, 980px\" \/><\/div>\n<div dir=\"auto\">Schi\u021b\u00e2nd un portret colectiv al marginaliz\u0103rii, cu un trecut traumatizant \u201enev\u0103zut\u201d, neperceput sau \u00een\u021beles pe deplin \u0219i la adev\u0103rata lui \u00eensemn\u0103tate, \u00eentr-o societate egodistonic\u0103, str\u0103in\u0103 de ea \u00eens\u0103\u0219i, romii sunt o na\u021bie care \u00eenc\u0103 \u00eenva\u021b\u0103 s\u0103 ierte.<\/div>\n<\/div>\n<div class=\"x11i5rnm xat24cr x1mh8g0r x1vvkbs xtlvy1s x126k92a\">\n<div dir=\"auto\">Vulnerabilizat\u0103 profund, vl\u0103guit\u0103 \u00een dezvoltarea sa cultural\u0103 \u0219i spiritual\u0103 de-a lungul istoriei, c\u00e2t si \u00een rela\u021bia cu societatea, mo\u0219tenirea romilor, o etnie a diferen\u021belor, cu particularit\u0103\u021bi etnoculturale distincte, a c\u0103rei modernizare a \u00eensemnat, de cele mai multe ori, separarea de tradi\u021bie, a adus contribu\u021bia ei la cultura universal\u0103.<\/div>\n<\/div>\n<div class=\"x11i5rnm xat24cr x1mh8g0r x1vvkbs xtlvy1s x126k92a\">\n<div dir=\"auto\">\u00cen satele rom\u00e2ne\u0219ti, c\u00e2ndva nuclee ale unor comunit\u0103\u021bi tradi\u021bionale, al\u0103turi de o economie predominant agrar\u0103, au evoluat \u0219i activit\u0103\u021bi \u0219i ocupa\u021bii complementare, \u00eendeplinite at\u00e2t de rom\u00e2ni c\u00e2t \u0219i de alte etnii. Func\u021bion\u00e2nd ca oaze identitare ce au protejat, la \u00eenceput, un specific etnic \u0219i asigur\u00e2nd un mod de via\u021b\u0103 \u0219i de trai practicarea unor meserii transmise din neam, \u00een cadrul unor grupuri distincte, au fost condi\u021bia pentru conservarea lor \u00een timp.<\/div>\n<\/div>\n<div class=\"x11i5rnm xat24cr x1mh8g0r x1vvkbs xtlvy1s x126k92a\">\n<div dir=\"auto\">Peisajul violent \u0219i persecutoriu, \u00een trecutul istoric, statutul de robi, \u00een \u021a\u0103rile Rom\u00e2ne, au marcat definitiv destinul romilor, viciindu-l, din interior, ca un m\u0103r otr\u0103vit, ce a permis mereu atribuirea hibei de a fi \u201ddeficien\u021bi\u201d, blama\u021bi \u0219i vinova\u021bi de toate relele, puse nestingherit pe sema unui refuz m\u00e2ndru \u0219i neab\u0103tut de a se integra.<\/div>\n<div dir=\"auto\">A\u0219eza\u021bi la marginea satelor \u0219i a societ\u0103\u021bii, ocup\u00e2nd locul r\u0103mas, supravie\u021buirea romilor a \u00eensemnat \u0219i explorarea circustan\u021belor antren\u00e2nd avantaje \u00een favoarea lor. Parcurg\u00e2nd un traseu propriu, for\u021ba\u021bi de \u00eemprejur\u0103ri s\u0103-\u0219i reconstruiasc\u0103 mereu rela\u021bia cu sine \u0219i cu transcenden\u021ba, pentru a evita asimilarea, cultura romilor s-a dezvoltat mai mult prin reperele altora.<\/div>\n<\/div>\n<div class=\"x11i5rnm xat24cr x1mh8g0r x1vvkbs xtlvy1s x126k92a\">\n<div dir=\"auto\">\u00cenzestra\u021bi cu un talent pentru art\u0103 \u0219i me\u0219te\u0219ug, cu un spirit r\u0103zvr\u0103tit, ne\u00eengr\u0103dit, meseria\u0219ii \u0219i arti\u0219ti romi, au reu\u0219it s\u0103 creeze \u00een economia rural\u0103 obiecte me\u0219te\u0219ug\u0103re\u0219ti \u0219i valori artistice deosebite, pline de frumuse\u021be \u0219i imagina\u021bie. Activit\u0103\u021bile profesionale pe care romii le-au exercitat \u00een spa\u021biul rom\u00e2nesc, au cunoscut o adaptare \u0219i o evolu\u021bie \u00een timp si o specializare, \u00een func\u021bie de neamuri, o organizare cunoscut\u0103 sub numele de \u201cbresle naturale\u201d, conform c\u0103reia me\u0219te\u0219ugul este mo\u0219tenit \u00een cadrul grupului pe linie transgenera\u021bional\u0103 \u0219i niciodat\u0103 pe linie orizontal\u0103, de la un neam la altul. [1]<\/div>\n<\/div>\n<div class=\"x11i5rnm xat24cr x1mh8g0r x1vvkbs xtlvy1s x126k92a\">\n<div dir=\"auto\">Profesionalizarea meseriilor se f\u0103cea \u00een familie, aici se dob\u00e2ndea profesionalismul si \u00eendeletnicirea, m\u0103iestria \u00een executarea diverselor meste\u0219uguri. [2] Puse \u00een rela\u021bia cu talentul \u00eenn\u0103scut \u0219i aptitudinile voca\u021bionale pentru anumite categorii de profesii, paleta de meserii pe care le-au prestat diversele categorii profesionale de romi, a fost bogat\u0103, \u00een centrul preferin\u021belor dintotdeauna afl\u00e2ndu-se prelucrarea fierului, fa\u021b\u0103 de care romii au dezvoltat competen\u021be profesionale de neegalat.<\/div>\n<div dir=\"auto\">\u00a0<\/div>\n<\/div>\n<div class=\"x11i5rnm xat24cr x1mh8g0r x1vvkbs xtlvy1s x126k92a\">\n<div dir=\"auto\">Text <span class=\"html-span xdj266r x11i5rnm xat24cr x1mh8g0r xexx8yu x4uap5 x18d9i69 xkhd6sd x1hl2dhg x16tdsg8 x1vvkbs\"><a class=\"x1i10hfl xjbqb8w x1ejq31n xd10rxx x1sy0etr x17r0tee x972fbf xcfux6l x1qhh985 xm0m39n x9f619 x1ypdohk xt0psk2 xe8uvvx xdj266r x11i5rnm xat24cr x1mh8g0r xexx8yu x4uap5 x18d9i69 xkhd6sd x16tdsg8 x1hl2dhg xggy1nq x1a2a7pz xkrqix3 x1sur9pj x1fey0fg x1s688f\" tabindex=\"0\" role=\"link\" href=\"https:\/\/www.facebook.com\/roxana.man.79?__cft__[0]=AZWmjDz1gMUFS6Djb3hoa6MynCrXHOudfafD0PcDtgr1boSLfzTQ4o5dr7EK-nOM0MpF6DpFNCkJjhwD-o4eSvj3J06KCzU8HrMxEdz_o6ojxkQ_pNEcVSnnxLF1vVg2QVfO33K9OOQprBpcliQO1M8PtBmVlAWJINdmmHkSBxQgbiWsxOe-gvTdGcksvdJPPqY&amp;__tn__=-]K-R\"><span class=\"xt0psk2\"><span class=\"xjp7ctv\"><span aria-describedby=\":rkm:\">Roxana Maria Man<\/span><\/span><\/span><\/a><\/span><\/div>\n<div dir=\"auto\">\u00a0<\/div>\n<div dir=\"auto\">Note<\/div>\n<div dir=\"auto\">[1] Achim V., \u021aiganii \u00een istoria Rom\u00e2niei, Ed. Enciclopedic\u0103 1998,p57 [2]Ibidem<\/div>\n<div dir=\"auto\">Bibliografie<\/div>\n<div dir=\"auto\">\u00a0<\/div>\n<\/div>\n<div class=\"x11i5rnm xat24cr x1mh8g0r x1vvkbs xtlvy1s x126k92a\">\n<div dir=\"auto\">Fotografii din arhiva <span class=\"html-span xdj266r x11i5rnm xat24cr x1mh8g0r xexx8yu x4uap5 x18d9i69 xkhd6sd x1hl2dhg x16tdsg8 x1vvkbs\"><a class=\"x1i10hfl xjbqb8w x1ejq31n xd10rxx x1sy0etr x17r0tee x972fbf xcfux6l x1qhh985 xm0m39n x9f619 x1ypdohk xt0psk2 xe8uvvx xdj266r x11i5rnm xat24cr x1mh8g0r xexx8yu x4uap5 x18d9i69 xkhd6sd x16tdsg8 x1hl2dhg xggy1nq x1a2a7pz xkrqix3 x1sur9pj x1fey0fg x1s688f\" tabindex=\"0\" role=\"link\" href=\"https:\/\/l.facebook.com\/l.php?u=http%3A%2F%2Fmuzeulreghin.ro%2F%3Ffbclid%3DIwZXh0bgNhZW0CMTAAAR1TuiiG3m_WUha5YAQ0CgXjpHDTOvjZGyBQUKsrRaVLMgbI_36wa9eNigo_aem_rkS5JFbzzzkaozA2tTu4BQ&amp;h=AT0oblF4Og5UDsI-ECY2TUfOYfXMo3EpJqvjhF9j8yiHS5TNRPUz0ToaeJpo_Z3nEJNtdywX4jNcqk-csgFL1yhMSOyAZyOJkGvXayymb62MxByAXXJImAJKVducyyQXsECNAl465s2sQ7FK2xUf&amp;__tn__=-UK-R&amp;c[0]=AT3JBmdiWSc1WNzKB3FxdsuYVvFqETamlJabrc-JexUUkG966A1VQLheod9QZhqwaD7F7i947g_mRN7J1RQd76PVMk7xEPtLSCC1b0Z-OuhwZMdu6n7o5CSiy3xos89W9GEzptypxmb-ncdhB8L2FJ248St0Lbrsq6uboluUICPCay0Pn9MZEI916D7BW8KtplYGWGXRvZ118RfjSJmHF0iP0qE\" target=\"_blank\" rel=\"nofollow noopener noreferrer\">muzeulreghin.ro<\/a><\/span><\/div>\n<\/div>\n","protected":false},"excerpt":{"rendered":"<p>Schi\u021b\u00e2nd un portret colectiv al marginaliz\u0103rii, cu un trecut traumatizant \u201enev\u0103zut\u201d, neperceput sau \u00een\u021beles pe deplin \u0219i la adev\u0103rata lui \u00eensemn\u0103tate, \u00eentr-o societate egodistonic\u0103, str\u0103in\u0103 de ea \u00eens\u0103\u0219i, romii sunt [&hellip;]<\/p>\n","protected":false},"author":1,"featured_media":0,"comment_status":"closed","ping_status":"closed","sticky":false,"template":"","format":"standard","meta":{"inline_featured_image":false,"footnotes":""},"categories":[30,4],"tags":[],"class_list":["post-7656","post","type-post","status-publish","format-standard","hentry","category-arhiva","category-blog"],"aioseo_notices":[],"_links":{"self":[{"href":"https:\/\/www.muzeulreghin.ro\/en\/wp-json\/wp\/v2\/posts\/7656","targetHints":{"allow":["GET"]}}],"collection":[{"href":"https:\/\/www.muzeulreghin.ro\/en\/wp-json\/wp\/v2\/posts"}],"about":[{"href":"https:\/\/www.muzeulreghin.ro\/en\/wp-json\/wp\/v2\/types\/post"}],"author":[{"embeddable":true,"href":"https:\/\/www.muzeulreghin.ro\/en\/wp-json\/wp\/v2\/users\/1"}],"replies":[{"embeddable":true,"href":"https:\/\/www.muzeulreghin.ro\/en\/wp-json\/wp\/v2\/comments?post=7656"}],"version-history":[{"count":1,"href":"https:\/\/www.muzeulreghin.ro\/en\/wp-json\/wp\/v2\/posts\/7656\/revisions"}],"predecessor-version":[{"id":7662,"href":"https:\/\/www.muzeulreghin.ro\/en\/wp-json\/wp\/v2\/posts\/7656\/revisions\/7662"}],"wp:attachment":[{"href":"https:\/\/www.muzeulreghin.ro\/en\/wp-json\/wp\/v2\/media?parent=7656"}],"wp:term":[{"taxonomy":"category","embeddable":true,"href":"https:\/\/www.muzeulreghin.ro\/en\/wp-json\/wp\/v2\/categories?post=7656"},{"taxonomy":"post_tag","embeddable":true,"href":"https:\/\/www.muzeulreghin.ro\/en\/wp-json\/wp\/v2\/tags?post=7656"}],"curies":[{"name":"wp","href":"https:\/\/api.w.org\/{rel}","templated":true}]}}