{"id":7667,"date":"2025-03-04T08:22:40","date_gmt":"2025-03-04T06:22:40","guid":{"rendered":"https:\/\/www.muzeulreghin.ro\/?p=7667"},"modified":"2025-03-04T08:22:45","modified_gmt":"2025-03-04T06:22:45","slug":"frumusete-din-natura","status":"publish","type":"post","link":"https:\/\/www.muzeulreghin.ro\/en\/frumusete-din-natura\/","title":{"rendered":"Frumuse\u021be din natur\u0103"},"content":{"rendered":"\n<p><img fetchpriority=\"high\" decoding=\"async\" class=\"alignnone size-large wp-image-7665\" src=\"https:\/\/www.muzeulreghin.ro\/wp-content\/uploads\/2025\/03\/481269830_9456478751079921_3177412864747743373_n-1024x1024.jpg\" alt=\"\" width=\"980\" height=\"980\" \/><\/p>\n<p>\u00cen luna femeilor, \u00een 7 martie de la ora 12, v\u0103 a\u0219tept\u0103m la o \u00eent\u00e2lnire al\u0103turi de invitata Ana- Maria Iurian, farmacist \u0219i specialist \u00een \u00eengrijire, care va \u00eemp\u0103rt\u0103\u0219i cu noi din cuno\u0219tin\u021bele \u0219i experien\u021ba sa \u00een \u00eengrijirea natural\u0103 a tenului. Un dialog despre feminitate \u0219i frumuse\u021be exterioar\u0103 \u0219i interioar\u0103, despre atingerea magic\u0103 a naturii, la \u00eenceput de prim\u0103var\u0103 .<\/p>\n","protected":false},"excerpt":{"rendered":"<p>\u00cen luna femeilor, \u00een 7 martie de la ora 12, v\u0103 a\u0219tept\u0103m la o \u00eent\u00e2lnire al\u0103turi de invitata Ana- Maria Iurian, farmacist \u0219i specialist \u00een \u00eengrijire, care va \u00eemp\u0103rt\u0103\u0219i cu [&hellip;]<\/p>\n","protected":false},"author":1,"featured_media":0,"comment_status":"closed","ping_status":"closed","sticky":false,"template":"","format":"standard","meta":{"inline_featured_image":false,"footnotes":""},"categories":[4],"tags":[],"class_list":["post-7667","post","type-post","status-publish","format-standard","hentry","category-blog"],"aioseo_notices":[],"_links":{"self":[{"href":"https:\/\/www.muzeulreghin.ro\/en\/wp-json\/wp\/v2\/posts\/7667","targetHints":{"allow":["GET"]}}],"collection":[{"href":"https:\/\/www.muzeulreghin.ro\/en\/wp-json\/wp\/v2\/posts"}],"about":[{"href":"https:\/\/www.muzeulreghin.ro\/en\/wp-json\/wp\/v2\/types\/post"}],"author":[{"embeddable":true,"href":"https:\/\/www.muzeulreghin.ro\/en\/wp-json\/wp\/v2\/users\/1"}],"replies":[{"embeddable":true,"href":"https:\/\/www.muzeulreghin.ro\/en\/wp-json\/wp\/v2\/comments?post=7667"}],"version-history":[{"count":1,"href":"https:\/\/www.muzeulreghin.ro\/en\/wp-json\/wp\/v2\/posts\/7667\/revisions"}],"predecessor-version":[{"id":7668,"href":"https:\/\/www.muzeulreghin.ro\/en\/wp-json\/wp\/v2\/posts\/7667\/revisions\/7668"}],"wp:attachment":[{"href":"https:\/\/www.muzeulreghin.ro\/en\/wp-json\/wp\/v2\/media?parent=7667"}],"wp:term":[{"taxonomy":"category","embeddable":true,"href":"https:\/\/www.muzeulreghin.ro\/en\/wp-json\/wp\/v2\/categories?post=7667"},{"taxonomy":"post_tag","embeddable":true,"href":"https:\/\/www.muzeulreghin.ro\/en\/wp-json\/wp\/v2\/tags?post=7667"}],"curies":[{"name":"wp","href":"https:\/\/api.w.org\/{rel}","templated":true}]}}