{"id":7861,"date":"2026-04-29T08:33:21","date_gmt":"2026-04-29T06:33:21","guid":{"rendered":"https:\/\/www.muzeulreghin.ro\/?p=7861"},"modified":"2026-04-29T08:33:27","modified_gmt":"2026-04-29T06:33:27","slug":"sfantul-gheorghe-sangeorzul-si-inverzirea-naturii","status":"publish","type":"post","link":"https:\/\/www.muzeulreghin.ro\/en\/sfantul-gheorghe-sangeorzul-si-inverzirea-naturii\/","title":{"rendered":"Sf\u00e2ntul Gheorghe, S\u00e2ngeorzul \u0219i \u00eenverzirea naturii"},"content":{"rendered":"\n<div class=\"x14z9mp xat24cr x1lziwak x1vvkbs xtlvy1s x126k92a\">\n<div dir=\"auto\"><img fetchpriority=\"high\" decoding=\"async\" class=\"alignnone size-full wp-image-7862\" src=\"https:\/\/www.muzeulreghin.ro\/wp-content\/uploads\/2026\/04\/673502080_1610819814380136_42295645635250590_n.jpg\" alt=\"\" width=\"1024\" height=\"768\" srcset=\"https:\/\/www.muzeulreghin.ro\/wp-content\/uploads\/2026\/04\/673502080_1610819814380136_42295645635250590_n.jpg 1024w, https:\/\/www.muzeulreghin.ro\/wp-content\/uploads\/2026\/04\/673502080_1610819814380136_42295645635250590_n-300x225.jpg 300w, https:\/\/www.muzeulreghin.ro\/wp-content\/uploads\/2026\/04\/673502080_1610819814380136_42295645635250590_n-768x576.jpg 768w, https:\/\/www.muzeulreghin.ro\/wp-content\/uploads\/2026\/04\/673502080_1610819814380136_42295645635250590_n-667x500.jpg 667w\" sizes=\"(max-width: 1024px) 100vw, 1024px\" \/> <img decoding=\"async\" class=\"alignnone size-large wp-image-7863\" src=\"https:\/\/www.muzeulreghin.ro\/wp-content\/uploads\/2026\/04\/674525991_1610819541046830_6094232182176138408_n-1024x768.jpg\" alt=\"\" width=\"980\" height=\"735\" srcset=\"https:\/\/www.muzeulreghin.ro\/wp-content\/uploads\/2026\/04\/674525991_1610819541046830_6094232182176138408_n-1024x768.jpg 1024w, https:\/\/www.muzeulreghin.ro\/wp-content\/uploads\/2026\/04\/674525991_1610819541046830_6094232182176138408_n-300x225.jpg 300w, https:\/\/www.muzeulreghin.ro\/wp-content\/uploads\/2026\/04\/674525991_1610819541046830_6094232182176138408_n-768x576.jpg 768w, https:\/\/www.muzeulreghin.ro\/wp-content\/uploads\/2026\/04\/674525991_1610819541046830_6094232182176138408_n-1536x1152.jpg 1536w, https:\/\/www.muzeulreghin.ro\/wp-content\/uploads\/2026\/04\/674525991_1610819541046830_6094232182176138408_n-667x500.jpg 667w, https:\/\/www.muzeulreghin.ro\/wp-content\/uploads\/2026\/04\/674525991_1610819541046830_6094232182176138408_n.jpg 1600w\" sizes=\"(max-width: 980px) 100vw, 980px\" \/> <img decoding=\"async\" class=\"alignnone size-large wp-image-7864\" src=\"https:\/\/www.muzeulreghin.ro\/wp-content\/uploads\/2026\/04\/675959924_1610819414380176_1994780985592587757_n-1024x768.jpg\" alt=\"\" width=\"980\" height=\"735\" srcset=\"https:\/\/www.muzeulreghin.ro\/wp-content\/uploads\/2026\/04\/675959924_1610819414380176_1994780985592587757_n-1024x768.jpg 1024w, https:\/\/www.muzeulreghin.ro\/wp-content\/uploads\/2026\/04\/675959924_1610819414380176_1994780985592587757_n-300x225.jpg 300w, https:\/\/www.muzeulreghin.ro\/wp-content\/uploads\/2026\/04\/675959924_1610819414380176_1994780985592587757_n-768x576.jpg 768w, https:\/\/www.muzeulreghin.ro\/wp-content\/uploads\/2026\/04\/675959924_1610819414380176_1994780985592587757_n-1536x1152.jpg 1536w, https:\/\/www.muzeulreghin.ro\/wp-content\/uploads\/2026\/04\/675959924_1610819414380176_1994780985592587757_n-667x500.jpg 667w, https:\/\/www.muzeulreghin.ro\/wp-content\/uploads\/2026\/04\/675959924_1610819414380176_1994780985592587757_n.jpg 1600w\" sizes=\"(max-width: 980px) 100vw, 980px\" \/>\n<figure id=\"attachment_7865\" aria-describedby=\"caption-attachment-7865\" style=\"width: 980px\" class=\"wp-caption alignnone\"><img loading=\"lazy\" decoding=\"async\" class=\"size-large wp-image-7865\" src=\"https:\/\/www.muzeulreghin.ro\/wp-content\/uploads\/2026\/04\/677784140_1610819044380213_2348770066067915339_n-1024x768.jpg\" alt=\"\" width=\"980\" height=\"735\" srcset=\"https:\/\/www.muzeulreghin.ro\/wp-content\/uploads\/2026\/04\/677784140_1610819044380213_2348770066067915339_n-1024x768.jpg 1024w, https:\/\/www.muzeulreghin.ro\/wp-content\/uploads\/2026\/04\/677784140_1610819044380213_2348770066067915339_n-300x225.jpg 300w, https:\/\/www.muzeulreghin.ro\/wp-content\/uploads\/2026\/04\/677784140_1610819044380213_2348770066067915339_n-768x576.jpg 768w, https:\/\/www.muzeulreghin.ro\/wp-content\/uploads\/2026\/04\/677784140_1610819044380213_2348770066067915339_n-1536x1152.jpg 1536w, https:\/\/www.muzeulreghin.ro\/wp-content\/uploads\/2026\/04\/677784140_1610819044380213_2348770066067915339_n-667x500.jpg 667w, https:\/\/www.muzeulreghin.ro\/wp-content\/uploads\/2026\/04\/677784140_1610819044380213_2348770066067915339_n.jpg 1600w\" sizes=\"(max-width: 980px) 100vw, 980px\" \/><figcaption id=\"caption-attachment-7865\" class=\"wp-caption-text\">DSC_2Mega_Pix<\/figcaption><\/figure>\n<\/div>\n<div dir=\"auto\">\u00cen credin\u021ba popular\u0103 Sf. Gheorghe (S\u00c2NGEORZUL) \u00eenverze\u0219te natura, \u021bine \u201dcheile vremii\u201d, deschide prim\u0103vara \u0219i anul pastoral, care \u00eencepe la 23 aprilie \u0219i \u021bine p\u00e2n\u0103 la Sf\u00e2ntul Dumitru (S\u00e2nmedru, 26 octombrie).<\/div>\n<div dir=\"auto\">De numele celor doi sfin\u021bi se leag\u0103 o serie de credin\u021be \u0219i practici cu valen\u021be magice, ce eviden\u021biaz\u0103 rolul anotimpului, a vegetalului, o universalizare a procesului natural de cre\u0219tere \u0219i maturizare &#8211; \u00eenfrunzirea\/desfrunzirea arborilor, cu referin\u021be la sfera uman\u0103, comportamental\u0103.<\/div>\n<\/div>\n<div class=\"x14z9mp xat24cr x1lziwak x1vvkbs xtlvy1s x126k92a\">\n<div dir=\"auto\">Rela\u021bia \u00eentre natur\u0103, vegetal (ramura verde, \u00eenverzirea..) \u0219i calendar e prezent\u0103 \u00een ac\u021biunea recurent\u0103, \u00een practici, ca marc\u0103 a unui timp \u201dbun\u201d. \u00cempodobirea cu ramuri verzi, de mesteac\u0103n\/ salcie\/ rug a por\u021bilor, u\u0219i, ferestre, &#8211; ramura verde- simbol al prim\u0103verii cu rol protector- apar\u021bine unor categorii de gesturi \u0219i ac\u021biuni cu valoare religioas\u0103, metafizic\u0103.<\/div>\n<div dir=\"auto\">Ajunul, prag al s\u0103rb\u0103torii, avea reguli magice \u0219i prilejuia o seam\u0103 de practici de ap\u0103rare, de stimulare \u0219i purificare. Se spune c\u0103 \u00een seara de S\u00e2ngeorz umbl\u0103 spiritele rele, strigoaicele care fur\u0103 mana laptelui, amenin\u021b\u0103 via\u021ba \u0219i fertilitatea animalelor, iar pentru a le proteja femeile preg\u0103teau, un amestec din usturoi, leu\u0219tean \u0219i gunoi de grajd cu care ungeau u\u0219ile \u0219i zonele de contact cu exteriorul. Tot pentru protec\u021bie se aprindeau focuri \u201dfocul viu\u201d cu care se afumau animalele \u0219i ocoalele.<\/div>\n<\/div>\n<div class=\"x14z9mp xat24cr x1lziwak x1vvkbs xtlvy1s x126k92a\">\n<div dir=\"auto\">\u00cenceputul anului pastoral, era \u00eenso\u021bit de c\u00e2teva tradi\u021bii M\u0102SURA OILOR, s\u0103rb\u0103toare a p\u0103curarilor, urma c\u00e2teva etape- tocmitul sau \u00een\u021belegerea privind constituirea st\u00e2nelor, m\u0103suratul laptelui \u0219i osp\u0103\u021bul. Conform cutumei, procedura \u00eencepea cu sfin\u021birea oilor \u0219i a ciobanilor de c\u0103tre preot, trecerea prin strung\u0103 a oilor \u0219i ob\u021binerea primei mulsori. \u00cen prima vineri din luna mai, dup\u0103-amiaza, avea loc \u201eruperea\u201d mieilor (\u00een\u021b\u0103rcarea) \u0219i adunarea turmelor la \u201dgazde\u201d . Odat\u0103 cu prima mulsoare se stabilea cantitatea de br\u00e2nz\u0103 cuvenit\u0103 fiec\u0103ruia de-a lungul anului. Tot atunci se alegea P\u0103p\u0103lugura &#8211; masca verde.<\/div>\n<\/div>\n<div class=\"x14z9mp xat24cr x1lziwak x1vvkbs xtlvy1s x126k92a\">\n<div dir=\"auto\">P\u0102P\u0102LUGURA era un ritual de fertilitate ce viza mana laptelui la oi, \u00eent\u00e2lnit \u00een satele din C\u00e2mpia Transilvaniei, care se desf\u0103\u0219ura cu ocazia m\u0103surii laptelui -\u201dm\u0103sura oilor\u201d , practic\u0103 veche legat\u0103 de p\u0103storit .<\/div>\n<\/div>\n<div class=\"x14z9mp xat24cr x1lziwak x1vvkbs xtlvy1s x126k92a\">\n<div dir=\"auto\">Aducerea ploii evoc\u0103 o mitologie inspirat\u0103 din modelul vie\u021bii \u0219i al mor\u021bii plantelor.<\/div>\n<div dir=\"auto\">Legatura dintre apa \u0219i plante\/vegeta\u021bie, simboluri ale regener\u0103rii &#8211; era stabilit\u0103 \u00een ac\u021biuni \u0219i practici ce vizau procesiunea crea\u021biei \u0219i trecerea de la o etap\u0103 la alta ( \u201dapa primar\u0103, premerg\u0103toare reprezentare a nonmanifest\u0103rii \u0219i a laten\u021bei, iar verdea\u021ba- apari\u021bia formei, manifestarea crea\u021biei\u201d).<\/div>\n<\/div>\n<div class=\"x14z9mp xat24cr x1lziwak x1vvkbs xtlvy1s x126k92a\">\n<div dir=\"auto\">Obiceiul P\u0103p\u0103lugii presupunea alegerea unui t\u00e2n\u0103r, retragerea \u00een p\u0103dure \u0219i mascarea, \u00eenvelirea cu plante verzi\/ crengi \u00eenfrunzite legate cu c\u00e2nep\u0103, cobor\u00e2rea \u00eenaintea turmei spre sat, \u00eent\u00e2mpinarea cu ciubere cu ap\u0103 \u0219i udarea, momentul culminant al procesiunii sacre -\u201dP\u0103p\u0103lugura se ud\u0103 bine pentru mana oilor!\u201d<\/div>\n<\/div>\n<div class=\"x14z9mp xat24cr x1lziwak x1vvkbs xtlvy1s x126k92a\">\n<div dir=\"auto\">Un alt obicei ce se desf\u0103\u0219ura \u00een ajunul S\u00e2ngeorzului sau \u00een alte locuri \u00een S\u0103pt\u0103m\u00e2na Patimilor, era ,,STRIGAREA PESTE SAT\u201d un \u00eendreptar al comportamentelor din timpul anului.<\/div>\n<div dir=\"auto\">Eliberarea spa\u021biului pentru nou, la \u00eenceput de anotimp, iertarea \u0219i repararea unor vicii, vindecarea ca o restaura\u021bie general\u0103 nu puteau avea loc \u00een afara expunerii \u0219i asum\u0103rii faptelor, a unei regl\u0103ri terapeutice corespunz\u0103toare. Erau mustra\u021bi \u201dstriga\u021bi\u201d (de pe deal ) fetele\/ b\u0103ie\u021bii tomnatici sau erau men\u021bionate \u00eent\u00e2rzierile unor activit\u0103\u021bi ori diverse abateri.<\/div>\n<\/div>\n<div class=\"x14z9mp xat24cr x1lziwak x1vvkbs xtlvy1s x126k92a\">\n<div dir=\"auto\">Semnifica\u021bia religios\u0103 a s\u0103rb\u0103torii e legat\u0103 de via\u021ba Sf. Gheorghe care a a fost una plin\u0103 de minuni, memorabil\u0103 fiind lupta sa cu balaurul. Legenda spune c\u0103 l\u00e2ng\u0103 o cetate se afla un lac \u00een care tr\u0103ia un balaur ce primea \u00een fiecare zi un copil ca hran\u0103. \u00centr-o zi soarta c\u0103zu pe fiica \u00eemp\u0103ratului, Dumnezeu l-a trimis \u00eens\u0103 pe Sf . Gheorghe , care ucise cu suli\u021ba fiara (icoana Sf Mucenic Gheorghe). Cutremura\u021bi de minune, au \u00eenceput cu to\u021bii s\u0103 cread\u0103 \u00een Hristos \u0219i au cerut s\u0103 fie boteza\u021bi.<\/div>\n<div dir=\"auto\">Mucenicul Gheorghe a fost unul din cei mai de seam\u0103 Sem\u0103n\u0103tori ai dreptei credin\u021be, care s-a n\u0103scut \u00een Beirut (Capadochia- sec.III). A mo\u0219tenit curajul \u0219i t\u0103ria credin\u021bei de la p\u0103rin\u021bii s\u0103i, tat\u0103l, ofi\u021ber \u00een armata roman\u0103, iar mama, o cre\u0219tin\u0103 evlavioas\u0103 \u0219i plin\u0103 de \u00een\u021belepciune. T\u00e2n\u0103rul Gheorghe a ajuns ofi\u021ber \u00een armata roman\u0103, unde s-a luptat cu \u00eenver\u0219unare pentru a c\u00e2\u0219tiga bucuriile duhovnice\u0219ti, \u00eenfrunt\u00e2nd, precum to\u021bi sfin\u021bii, nedreptarea, idolatria, necredin\u021ba, chiar dac\u0103 acestea erau promovate de \u00eensu\u0219i \u00eemp\u0103ratul Diocle\u021bian. Ajuns voievod, el s-a \u00eempotrivit \u00eemp\u0103ratului \u00een prigoana lui asupra cre\u0219tinilor, ajung\u00e2nd \u00een \u00eenchisoare, unde, de\u0219i a fost supus la numeroase chinuri, nu \u0219i-a lep\u0103dat credin\u021ba, fiind decapitat.<\/div>\n<\/div>\n<div class=\"x14z9mp xat24cr x1lziwak x1vvkbs xtlvy1s x126k92a\">\n<div dir=\"auto\">\u00cen satele de pe Valea Mure\u0219ului, sunt cunoscute mai multe pve\u0219ti \u0219i relat\u0103ri, credin\u021be legate de Ajunul S\u00e2ngeorzului \u0219i \u00eent\u00e2mpl\u0103ri nefaste petrecute \u00eentr-un timp primejdios.<\/div>\n<div dir=\"auto\">Se spune c\u0103 \u201dodat\u0103 de S\u00e2ngeorz, un om s-a dus la moar\u0103 iar c\u00e2nd s-a \u00eentors, a \u00eent\u00e2lnit pe drum multe strigoaice care jucau pe l\u00e2ng\u0103 vaci. Omul le-a urat spor la joc, iar acestea i-au r\u0103spuns \u201dspor a ce-ai \u00een car dar s\u0103 nu spui nim\u0103nui\u201d. Si a\u0219a a fost, ajuns acas\u0103 omul, a avut spor \u0219i bel\u0219ug la f\u0103in\u0103 c\u0103 asta avea \u00een car, cat timp nu a dest\u0103inuit taina avea f\u0103in\u0103 pe indestulate. V\u0103z\u00e2nd femeia sa c\u0103 f\u0103ina nu se mai termin\u0103 i s-a p\u0103rut lucru necurat \u0219i a insistat s\u0103 afle. Neav\u00e2nd de ales omul i-a spus, iar de atunci f\u0103ina a \u00eenceput s\u0103 se \u00eempu\u021bineze. \u201d<\/div>\n<div dir=\"auto\">\u00a0<\/div>\n<\/div>\n<div class=\"x14z9mp xat24cr x1lziwak x1vvkbs xtlvy1s x126k92a\">\n<div dir=\"auto\"><span class=\"html-span xdj266r x14z9mp xat24cr x1lziwak xexx8yu xyri2b x18d9i69 x1c1uobl x1hl2dhg x16tdsg8 x1vvkbs\"><a class=\"x1i10hfl xjbqb8w x1ejq31n x18oe1m7 x1sy0etr xstzfhl x972fbf x10w94by x1qhh985 x14e42zd x9f619 x1ypdohk xt0psk2 x3ct3a4 xdj266r x14z9mp xat24cr x1lziwak xexx8yu xyri2b x18d9i69 x1c1uobl x16tdsg8 x1hl2dhg xggy1nq x1a2a7pz xkrqix3 x1sur9pj x1fey0fg x1s688f\" tabindex=\"0\" role=\"link\" href=\"https:\/\/www.facebook.com\/roxana.man.79?__cft__[0]=AZYKFK0s6ySkvG0AABXmjEuoAt1We0D0GfCXJIgouL3v2Ygzoe_nlttLLMh08XYH6_-L11JY0yZzOhjpP86elwM4U7Tt_RR21oTjd-X20jKTBOJwB2ONp3OzREbrg9yFx9CDpd5Tltg3z8DD3I9yvjro&amp;__tn__=-]K-R\"><span class=\"xt0psk2\"><span class=\"xjp7ctv\">Roxana Maria Man<\/span><\/span><\/a><\/span> , manager Muzeul Etnografic Anton Badea<\/div>\n<div dir=\"auto\">\u00a0<\/div>\n<\/div>\n<div class=\"x14z9mp xat24cr x1lziwak x1vvkbs xtlvy1s x126k92a\">\n<div dir=\"auto\">REPERE BIBLIOGRAFICE<\/div>\n<div dir=\"auto\">Borzan, M., Man, R., Calendarul cre\u0219tin ortodox \u00een iconografie, Tg Mure\u0219 2008<\/div>\n<div dir=\"auto\">Ghinoiu, I. S\u0103rb\u0103tori \u0219i obiceiuri rom\u00e2ne\u0219ti, Bucure\u0219ti 2003<\/div>\n<div dir=\"auto\">Eliade, M., Tratat de istoria religiilor, Humanitas Bucure\u0219ti 2025<\/div>\n<div dir=\"auto\">Sorlea, E -info., sat Pietri\u0219 Vale Jud Mure\u0219<\/div>\n<\/div>\n<div class=\"x14z9mp xat24cr x1lziwak x1vvkbs xtlvy1s x126k92a\">\n<div dir=\"auto\">Fotografii din arhiva <span class=\"html-span xdj266r x14z9mp xat24cr x1lziwak xexx8yu xyri2b x18d9i69 x1c1uobl x1hl2dhg x16tdsg8 x1vvkbs\"><a class=\"x1i10hfl xjbqb8w x1ejq31n x18oe1m7 x1sy0etr xstzfhl x972fbf x10w94by x1qhh985 x14e42zd x9f619 x1ypdohk xt0psk2 x3ct3a4 xdj266r x14z9mp xat24cr x1lziwak xexx8yu xyri2b x18d9i69 x1c1uobl x16tdsg8 x1hl2dhg xggy1nq x1a2a7pz xkrqix3 x1sur9pj x1fey0fg x1s688f\" tabindex=\"0\" role=\"link\" href=\"https:\/\/l.facebook.com\/l.php?u=http%3A%2F%2Fmuzeureghin.ro%2F%3Ffbclid%3DIwZXh0bgNhZW0CMTAAYnJpZBEwcnduMlVwRk5NQms2SzBHSXNydGMGYXBwX2lkEDIyMjAzOTE3ODgyMDA4OTIAAR4fGDsfEr0i94j0fP86i4ndzjg2NzuCle5Pumee-_3DJA8inmXdL7Q9Ryg4AA_aem_vPL9PwJ4vRhd8uCNwpETZg&amp;h=AT7oFZwBzz2CUNwu5LzQQ9K8RmowGnmGUWDNwTiBGma3itMMHX9XGi97y4Dlnla1eVYvqXNHS75kPmvXSeYHpHwb-Yq51JU4pqoCL-QoQSUKSdATYtZzX_TK2ycIjCHRnl8SWaUKwq39Rf4zExpHxGX_Gt9oA3Z9&amp;__tn__=-UK-R&amp;c[0]=AT6TKYR8x6cyv6birszsJ-WSmqMCcjT2fF_U6Dib1zsNHC9rsQ550mYsjKgrOc9IT8bUpZqK88AQCocMnbWjnRR66F8Xvc-tEJ43IQ7zOVbgf6Gj6-gZBk7wzeGXAeTONbwxuMIhaiMWX4WNFpky0wBtyoYrTNDvf1tU-6TgCw\" target=\"_blank\" rel=\"nofollow noopener noreferrer\">muzeureghin.ro<\/a><\/span>, aspecte de la Obiceiul M\u0103sura oilor la Pietri\u0219 Vale 2006, Idicel P\u0103dure 2007, R\u0103stoli\u021ba 2005 jud Mure\u0219<\/div>\n<\/div>\n","protected":false},"excerpt":{"rendered":"<p>\u00cen credin\u021ba popular\u0103 Sf. Gheorghe (S\u00c2NGEORZUL) \u00eenverze\u0219te natura, \u021bine \u201dcheile vremii\u201d, deschide prim\u0103vara \u0219i anul pastoral, care \u00eencepe la 23 aprilie \u0219i \u021bine p\u00e2n\u0103 la Sf\u00e2ntul Dumitru (S\u00e2nmedru, 26 octombrie). [&hellip;]<\/p>\n","protected":false},"author":1,"featured_media":0,"comment_status":"closed","ping_status":"closed","sticky":false,"template":"","format":"standard","meta":{"inline_featured_image":false,"footnotes":""},"categories":[30,4],"tags":[],"class_list":["post-7861","post","type-post","status-publish","format-standard","hentry","category-arhiva","category-blog"],"aioseo_notices":[],"_links":{"self":[{"href":"https:\/\/www.muzeulreghin.ro\/en\/wp-json\/wp\/v2\/posts\/7861","targetHints":{"allow":["GET"]}}],"collection":[{"href":"https:\/\/www.muzeulreghin.ro\/en\/wp-json\/wp\/v2\/posts"}],"about":[{"href":"https:\/\/www.muzeulreghin.ro\/en\/wp-json\/wp\/v2\/types\/post"}],"author":[{"embeddable":true,"href":"https:\/\/www.muzeulreghin.ro\/en\/wp-json\/wp\/v2\/users\/1"}],"replies":[{"embeddable":true,"href":"https:\/\/www.muzeulreghin.ro\/en\/wp-json\/wp\/v2\/comments?post=7861"}],"version-history":[{"count":1,"href":"https:\/\/www.muzeulreghin.ro\/en\/wp-json\/wp\/v2\/posts\/7861\/revisions"}],"predecessor-version":[{"id":7866,"href":"https:\/\/www.muzeulreghin.ro\/en\/wp-json\/wp\/v2\/posts\/7861\/revisions\/7866"}],"wp:attachment":[{"href":"https:\/\/www.muzeulreghin.ro\/en\/wp-json\/wp\/v2\/media?parent=7861"}],"wp:term":[{"taxonomy":"category","embeddable":true,"href":"https:\/\/www.muzeulreghin.ro\/en\/wp-json\/wp\/v2\/categories?post=7861"},{"taxonomy":"post_tag","embeddable":true,"href":"https:\/\/www.muzeulreghin.ro\/en\/wp-json\/wp\/v2\/tags?post=7861"}],"curies":[{"name":"wp","href":"https:\/\/api.w.org\/{rel}","templated":true}]}}