{"id":943,"date":"2019-06-18T12:53:32","date_gmt":"2019-06-18T10:53:32","guid":{"rendered":"https:\/\/www.muzeulreghin.ro\/?p=943"},"modified":"2019-06-25T07:46:08","modified_gmt":"2019-06-25T05:46:08","slug":"noapte-de-sanziene-2","status":"publish","type":"post","link":"https:\/\/www.muzeulreghin.ro\/en\/noapte-de-sanziene-2\/","title":{"rendered":"Noapte de S\u00e2nziene"},"content":{"rendered":"\n<figure class=\"wp-block-image\"><img fetchpriority=\"high\" decoding=\"async\" width=\"1024\" height=\"724\" src=\"https:\/\/www.muzeulreghin.ro\/wp-content\/uploads\/2019\/06\/afis-1024x724.jpg\" alt=\"\" class=\"wp-image-944\" srcset=\"https:\/\/www.muzeulreghin.ro\/wp-content\/uploads\/2019\/06\/afis.jpg 1024w, https:\/\/www.muzeulreghin.ro\/wp-content\/uploads\/2019\/06\/afis-300x212.jpg 300w, https:\/\/www.muzeulreghin.ro\/wp-content\/uploads\/2019\/06\/afis-768x543.jpg 768w, https:\/\/www.muzeulreghin.ro\/wp-content\/uploads\/2019\/06\/afis-150x106.jpg 150w\" sizes=\"(max-width: 1024px) 100vw, 1024px\" \/><figcaption><a href=\"https:\/\/www.muzeulreghin.ro\/galerie\/wppaspec\/oc1\/cv0\/ab39\">Galerie foto<\/a><\/figcaption><\/figure>\n\n\n\n\n\n<p>&nbsp;<\/p>\n<p>\u00cen 24 iunie s\u0103rb\u0103torim S\u00e2nzienele, s\u0103rb\u0103toare traditional\u0103 rom\u00e2neasc\u0103, care face referire la z\u00e2nele c\u00e2mpiilor \u0219i p\u0103durilor, f\u0103pturi mitice care \u00een noaptea de 23 iunie, adic\u0103 noaptea S\u00e2nzienelor, \u00eempart belsug, s\u0103n\u0103tate \u0219i iubire oamenilor, la florile galbene de s\u00e2nziene, ce \u00eenfloresc \u00een preajma acestei zile \u0219i care au proprietati curative, \u0219i totodat\u0103 S\u00e2nzienele sunt un prilej de a s\u0103rb\u0103tori vara \u0219i muncile c\u00e2mpului.<br>Invita\u021bi speciali vor veni la Noaptea de S\u00e2nziene: Angela Marie\u0219iu, Roxana Oprea, Sviatoslav Perepelytsia, Maria Neag, Andrei Romanic\u0103, Diana German, Ruxandra \u0218tef\u0103nescu Braic, Ansamblul Coroni\u021ba, Ansamblul Edelweiss, Ansamblul Toaca V\u0103ii Gurghiului, Larisa Cotoi, Amalia Cengher, Miler Florin, me\u0219teri populari, scenografi, prezentatori etc., \u00eentr-un program din care nu va lipsi: muzica folk, popular\u0103, clasic\u0103, ateliere, expozi\u021bii, t\u00e2rg de art\u0103 popular\u0103, ateliere de pictur\u0103 &#8211; o tehnic\u0103 asem\u0103n\u0103toare vitraliilor, scenete de teatru, prezentare despre plante, prezentarea unui obicei popular, prezentarea unor ii \u0219i alte momente preg\u0103tite cu aceast\u0103 ocazie.<br>Asa c\u0103 v\u0103 invit\u0103m s\u0103 v\u0103 l\u0103sa\u021bi cuprin\u0219i de vraja S\u00e2nzienelor, care \u00een aceast\u0103 noapte magic\u0103 vor poposit pe P\u0103m\u00e2nt pentru noi, s\u0103 ne aduc\u0103 lini\u0219te, bel\u0219ug, s\u0103n\u0103tate \u0219i iubire. Misterul \u0219i bun\u0103tatea lor s\u0103 ne bucure \u0219i s\u0103 ne \u00eenfrumuse\u021beze via\u021ba!<\/p>\n<p>Evenimentul este organizat de Municipiul Reghin \u0219i Muzeul Etnografic &#8220;Anton Badea&#8221;, \u00een 23 iunie 2019, ora 18.00<br>\u00cen cazul \u00een care va ploua, evenimentul va fi reprogramat.<\/p>\n<p>Intrarea este liber\u0103. V\u0103 a\u0219tept\u0103m cu drag!<\/p>\n<p>&nbsp;<\/p>\n","protected":false},"excerpt":{"rendered":"<p>&nbsp; \u00cen 24 iunie s\u0103rb\u0103torim S\u00e2nzienele, s\u0103rb\u0103toare traditional\u0103 rom\u00e2neasc\u0103, care face referire la z\u00e2nele c\u00e2mpiilor \u0219i p\u0103durilor, f\u0103pturi mitice care \u00een noaptea de 23 iunie, adic\u0103 noaptea S\u00e2nzienelor, \u00eempart belsug, [&hellip;]<\/p>\n","protected":false},"author":1,"featured_media":0,"comment_status":"closed","ping_status":"closed","sticky":false,"template":"","format":"standard","meta":{"inline_featured_image":false,"footnotes":""},"categories":[4],"tags":[],"class_list":["post-943","post","type-post","status-publish","format-standard","hentry","category-blog"],"aioseo_notices":[],"_links":{"self":[{"href":"https:\/\/www.muzeulreghin.ro\/en\/wp-json\/wp\/v2\/posts\/943","targetHints":{"allow":["GET"]}}],"collection":[{"href":"https:\/\/www.muzeulreghin.ro\/en\/wp-json\/wp\/v2\/posts"}],"about":[{"href":"https:\/\/www.muzeulreghin.ro\/en\/wp-json\/wp\/v2\/types\/post"}],"author":[{"embeddable":true,"href":"https:\/\/www.muzeulreghin.ro\/en\/wp-json\/wp\/v2\/users\/1"}],"replies":[{"embeddable":true,"href":"https:\/\/www.muzeulreghin.ro\/en\/wp-json\/wp\/v2\/comments?post=943"}],"version-history":[{"count":0,"href":"https:\/\/www.muzeulreghin.ro\/en\/wp-json\/wp\/v2\/posts\/943\/revisions"}],"wp:attachment":[{"href":"https:\/\/www.muzeulreghin.ro\/en\/wp-json\/wp\/v2\/media?parent=943"}],"wp:term":[{"taxonomy":"category","embeddable":true,"href":"https:\/\/www.muzeulreghin.ro\/en\/wp-json\/wp\/v2\/categories?post=943"},{"taxonomy":"post_tag","embeddable":true,"href":"https:\/\/www.muzeulreghin.ro\/en\/wp-json\/wp\/v2\/tags?post=943"}],"curies":[{"name":"wp","href":"https:\/\/api.w.org\/{rel}","templated":true}]}}